{"id":9616,"date":"2026-02-20T19:54:36","date_gmt":"2026-02-20T22:54:36","guid":{"rendered":"https:\/\/cafecommessias.com.br\/?p=9616"},"modified":"2026-02-20T19:55:01","modified_gmt":"2026-02-20T22:55:01","slug":"presidente-da-unafisco-depoe-a-pf-apos-criticar-investigacao-autorizada-por-moraes","status":"publish","type":"post","link":"https:\/\/cafecommessias.com.br\/?p=9616","title":{"rendered":"Presidente da Unafisco dep\u00f5e \u00e0 PF ap\u00f3s criticar investiga\u00e7\u00e3o autorizada por Moraes"},"content":{"rendered":"\n<p>O presidente da Associa\u00e7\u00e3o Nacional dos Auditores Fiscais da Receita Federal (<a href=\"https:\/\/www.bing.com\/ck\/a?!&amp;&amp;p=454abbe8643cb1ca335293bd969b37884b419a0987154f34895b054a368436f2JmltdHM9MTc3MTU0NTYwMA&amp;ptn=3&amp;ver=2&amp;hsh=4&amp;fclid=309c49d7-ff17-63c8-39a5-5f72fe5d62be&amp;psq=unafisco&amp;u=a1aHR0cHM6Ly91bmFmaXNjb25hY2lvbmFsLm9yZy5ici8\">Unafisco<\/a>), Kl\u00e9ber Cabral, prestou depoimento \u00e0 Pol\u00edcia Federal nesta sexta-feira (20) por cerca de uma hora. A oitiva ocorreu ap\u00f3s&nbsp;<a href=\"https:\/\/www.blogdobg.com.br\/video-auditores-da-receita-com-medo-de-stf-e-menos-arriscado-fiscalizar-o-pcc\/\">declara\u00e7\u00f5es p\u00fablicas da entidade criticando a opera\u00e7\u00e3o<\/a>&nbsp;que investiga suspeita de vazamento de dados sigilosos de ministros do STF e familiares.<\/p>\n\n\n\n<p><a href=\"https:\/\/www.blogdobg.com.br\/moraes-manda-pf-intimar-presidente-da-unafisco-apos-criticas-ao-stf\/\">Cabral foi intimado a falar em um procedimento sigiloso, por determina\u00e7\u00e3o do ministro Alexandre de Moraes<\/a>. A Unafisco havia divulgado nota questionando medidas cautelares impostas a um auditor investigado, defendendo a presun\u00e7\u00e3o de inoc\u00eancia e criticando o que chamou de \u201cinstrumentaliza\u00e7\u00e3o\u201d de servidores p\u00fablicos para desviar o foco do debate p\u00fablico.<\/p>\n\n\n\n<p>A opera\u00e7\u00e3o da Pol\u00edcia Federal mirou quatro servidores da Receita Federal e do Serpro, com mandados de busca e apreens\u00e3o cumpridos no Rio de Janeiro, Salvador, Guaruj\u00e1 e S\u00e3o Jos\u00e9 do Rio Preto (SP). Por decis\u00e3o de Moraes, os investigados est\u00e3o proibidos de acessar pr\u00e9dios, sistemas e bases de dados da Receita e do Serpro, no \u00e2mbito do inqu\u00e9rito das fake news.<\/p>\n\n\n\n<p>Na nota, a Unafisco tamb\u00e9m relembrou casos anteriores em que auditores foram afastados antes da conclus\u00e3o das investiga\u00e7\u00f5es e depois reintegrados por falta de provas. J\u00e1 o STF informou que um relat\u00f3rio da pr\u00f3pria Receita Federal apontou \u201cdiversos e m\u00faltiplos acessos il\u00edcitos\u201d a dados de autoridades, sem justificativa funcional identificada.<\/p>\n","protected":false},"excerpt":{"rendered":"<p>O presidente da Associa\u00e7\u00e3o Nacional dos Auditores Fiscais da Receita Federal (Unafisco), Kl\u00e9ber Cabral, prestou depoimento \u00e0 Pol\u00edcia Federal nesta sexta-feira (20) por cerca de uma hora. A oitiva ocorreu ap\u00f3s&nbsp;declara\u00e7\u00f5es p\u00fablicas da entidade criticando a opera\u00e7\u00e3o&nbsp;que investiga suspeita de vazamento de dados sigilosos de ministros do STF e familiares. Cabral foi intimado a falar&#8230;<\/p>\n","protected":false},"author":1,"featured_media":9617,"comment_status":"open","ping_status":"closed","sticky":false,"template":"","format":"standard","meta":{"footnotes":""},"categories":[3],"tags":[],"class_list":["post-9616","post","type-post","status-publish","format-standard","has-post-thumbnail","hentry","category-geral"],"_links":{"self":[{"href":"https:\/\/cafecommessias.com.br\/index.php?rest_route=\/wp\/v2\/posts\/9616","targetHints":{"allow":["GET"]}}],"collection":[{"href":"https:\/\/cafecommessias.com.br\/index.php?rest_route=\/wp\/v2\/posts"}],"about":[{"href":"https:\/\/cafecommessias.com.br\/index.php?rest_route=\/wp\/v2\/types\/post"}],"author":[{"embeddable":true,"href":"https:\/\/cafecommessias.com.br\/index.php?rest_route=\/wp\/v2\/users\/1"}],"replies":[{"embeddable":true,"href":"https:\/\/cafecommessias.com.br\/index.php?rest_route=%2Fwp%2Fv2%2Fcomments&post=9616"}],"version-history":[{"count":1,"href":"https:\/\/cafecommessias.com.br\/index.php?rest_route=\/wp\/v2\/posts\/9616\/revisions"}],"predecessor-version":[{"id":9618,"href":"https:\/\/cafecommessias.com.br\/index.php?rest_route=\/wp\/v2\/posts\/9616\/revisions\/9618"}],"wp:featuredmedia":[{"embeddable":true,"href":"https:\/\/cafecommessias.com.br\/index.php?rest_route=\/wp\/v2\/media\/9617"}],"wp:attachment":[{"href":"https:\/\/cafecommessias.com.br\/index.php?rest_route=%2Fwp%2Fv2%2Fmedia&parent=9616"}],"wp:term":[{"taxonomy":"category","embeddable":true,"href":"https:\/\/cafecommessias.com.br\/index.php?rest_route=%2Fwp%2Fv2%2Fcategories&post=9616"},{"taxonomy":"post_tag","embeddable":true,"href":"https:\/\/cafecommessias.com.br\/index.php?rest_route=%2Fwp%2Fv2%2Ftags&post=9616"}],"curies":[{"name":"wp","href":"https:\/\/api.w.org\/{rel}","templated":true}]}}