{"id":9623,"date":"2026-02-20T20:01:31","date_gmt":"2026-02-20T23:01:31","guid":{"rendered":"https:\/\/cafecommessias.com.br\/?p=9623"},"modified":"2026-02-20T20:01:47","modified_gmt":"2026-02-20T23:01:47","slug":"lula-defende-que-maduro-seja-julgado-na-venezuela-nao-nos-eua","status":"publish","type":"post","link":"https:\/\/cafecommessias.com.br\/?p=9623","title":{"rendered":"Lula defende que Maduro seja julgado na Venezuela, n\u00e3o nos EUA"},"content":{"rendered":"\n<p>Em entrevista concedida nesta sexta-feira (20), em Nova D\u00e9lhi, o presidente&nbsp;Luiz In\u00e1cio Lula da Silva&nbsp;criticou a retirada for\u00e7ada de&nbsp;Nicol\u00e1s Maduro&nbsp;da Venezuela por for\u00e7as dos Estados Unidos e defendeu que qualquer julgamento contra o l\u00edder venezuelano ocorra em seu pr\u00f3prio pa\u00eds.<\/p>\n\n\n\n<p>Segundo Lula, \u00e9 \u201cinaceit\u00e1vel\u201d que um chefe de Estado seja capturado em outro territ\u00f3rio. Para ele, o foco deve ser a reconstru\u00e7\u00e3o e consolida\u00e7\u00e3o da democracia venezuelana, sem interfer\u00eancia externa.<\/p>\n\n\n\n<p>Maduro foi levado para Nova York no in\u00edcio do ano, onde responde a acusa\u00e7\u00f5es ligadas ao tr\u00e1fico de drogas. A opera\u00e7\u00e3o surpreendeu a comunidade internacional e foi criticada por diversos pa\u00edses, incluindo o Brasil.<\/p>\n\n\n\n<p>Apesar da diverg\u00eancia, Lula afirmou manter boa rela\u00e7\u00e3o com o presidente dos EUA,&nbsp;Donald Trump, e disse querer aprofundar o di\u00e1logo, inclusive sobre o combate ao crime organizado e ao tr\u00e1fico internacional de drogas.<\/p>\n\n\n\n<p>O presidente brasileiro tamb\u00e9m comentou que segue disposto a discutir temas estrat\u00e9gicos com os Estados Unidos, como minerais cr\u00edticos, mas deixou claro que o Brasil n\u00e3o aceitar\u00e1 imposi\u00e7\u00f5es. Segundo ele, o pa\u00eds quer explorar, processar e vender seus recursos de forma soberana.<\/p>\n\n\n\n<p>Lula afirmou ainda que temas sens\u00edveis, como tarifas e coopera\u00e7\u00e3o econ\u00f4mica, devem ser resolvidos diretamente entre chefes de Estado, por meio do di\u00e1logo.<\/p>\n","protected":false},"excerpt":{"rendered":"<p>Em entrevista concedida nesta sexta-feira (20), em Nova D\u00e9lhi, o presidente&nbsp;Luiz In\u00e1cio Lula da Silva&nbsp;criticou a retirada for\u00e7ada de&nbsp;Nicol\u00e1s Maduro&nbsp;da Venezuela por for\u00e7as dos Estados Unidos e defendeu que qualquer julgamento contra o l\u00edder venezuelano ocorra em seu pr\u00f3prio pa\u00eds. Segundo Lula, \u00e9 \u201cinaceit\u00e1vel\u201d que um chefe de Estado seja capturado em outro territ\u00f3rio. Para&#8230;<\/p>\n","protected":false},"author":1,"featured_media":9624,"comment_status":"open","ping_status":"closed","sticky":false,"template":"","format":"standard","meta":{"footnotes":""},"categories":[3],"tags":[],"class_list":["post-9623","post","type-post","status-publish","format-standard","has-post-thumbnail","hentry","category-geral"],"_links":{"self":[{"href":"https:\/\/cafecommessias.com.br\/index.php?rest_route=\/wp\/v2\/posts\/9623","targetHints":{"allow":["GET"]}}],"collection":[{"href":"https:\/\/cafecommessias.com.br\/index.php?rest_route=\/wp\/v2\/posts"}],"about":[{"href":"https:\/\/cafecommessias.com.br\/index.php?rest_route=\/wp\/v2\/types\/post"}],"author":[{"embeddable":true,"href":"https:\/\/cafecommessias.com.br\/index.php?rest_route=\/wp\/v2\/users\/1"}],"replies":[{"embeddable":true,"href":"https:\/\/cafecommessias.com.br\/index.php?rest_route=%2Fwp%2Fv2%2Fcomments&post=9623"}],"version-history":[{"count":1,"href":"https:\/\/cafecommessias.com.br\/index.php?rest_route=\/wp\/v2\/posts\/9623\/revisions"}],"predecessor-version":[{"id":9625,"href":"https:\/\/cafecommessias.com.br\/index.php?rest_route=\/wp\/v2\/posts\/9623\/revisions\/9625"}],"wp:featuredmedia":[{"embeddable":true,"href":"https:\/\/cafecommessias.com.br\/index.php?rest_route=\/wp\/v2\/media\/9624"}],"wp:attachment":[{"href":"https:\/\/cafecommessias.com.br\/index.php?rest_route=%2Fwp%2Fv2%2Fmedia&parent=9623"}],"wp:term":[{"taxonomy":"category","embeddable":true,"href":"https:\/\/cafecommessias.com.br\/index.php?rest_route=%2Fwp%2Fv2%2Fcategories&post=9623"},{"taxonomy":"post_tag","embeddable":true,"href":"https:\/\/cafecommessias.com.br\/index.php?rest_route=%2Fwp%2Fv2%2Ftags&post=9623"}],"curies":[{"name":"wp","href":"https:\/\/api.w.org\/{rel}","templated":true}]}}