{"id":9644,"date":"2026-02-21T05:50:46","date_gmt":"2026-02-21T08:50:46","guid":{"rendered":"https:\/\/cafecommessias.com.br\/?p=9644"},"modified":"2026-02-21T05:51:12","modified_gmt":"2026-02-21T08:51:12","slug":"bolsonaro-pede-atendimento-psicologico-na-prisao-e-tratamento-neurologico-ao-stf","status":"publish","type":"post","link":"https:\/\/cafecommessias.com.br\/?p=9644","title":{"rendered":"Bolsonaro pede atendimento psicol\u00f3gico na pris\u00e3o e tratamento neurol\u00f3gico ao STF"},"content":{"rendered":"\n<p>A defesa do ex-presidente Jair Bolsonaro (PL) pediu ao STF autoriza\u00e7\u00e3o para que ele receba atendimento psicol\u00f3gico especializado dentro da unidade prisional onde cumpre pena, a Papudinha, em Bras\u00edlia. O pedido foi protocolado nesta sexta-feira (20) e est\u00e1 sob an\u00e1lise do ministro Alexandre de Moraes, relator da execu\u00e7\u00e3o penal ligada \u00e0 condena\u00e7\u00e3o por tentativa de golpe de Estado.<\/p>\n\n\n\n<p>Os advogados solicitam a libera\u00e7\u00e3o da entrada do psic\u00f3logo e neurocientista Ricardo Caiado para a realiza\u00e7\u00e3o de sess\u00f5es de neuromodula\u00e7\u00e3o tr\u00eas vezes por semana. O tratamento, chamado de Est\u00edmulo El\u00e9trico Craniano (CES), \u00e9 descrito como n\u00e3o invasivo e feito por meio de clipes auriculares, com o uso de equipamento pr\u00f3prio levado ao pres\u00eddio.<\/p>\n\n\n\n<p>Segundo a defesa, a terapia j\u00e1 teria sido iniciada durante uma interna\u00e7\u00e3o de Bolsonaro em abril de 2025 e teria apresentado melhora no sono, al\u00e9m de redu\u00e7\u00e3o de sintomas de ansiedade, depress\u00e3o e crises de solu\u00e7os. Os advogados afirmam que o procedimento complementa a medica\u00e7\u00e3o atualmente utilizada, que atua no sistema nervoso central, e pedem que as sess\u00f5es ocorram preferencialmente no fim do dia, respeitando as regras de seguran\u00e7a da unidade.<\/p>\n\n\n\n<p>O pedido cita ainda um laudo m\u00e9dico da Pol\u00edcia Federal divulgado no in\u00edcio de fevereiro, que apontou altera\u00e7\u00f5es neurol\u00f3gicas em exames realizados no ex-presidente. Bolsonaro sofreu um traumatismo craniano leve ap\u00f3s cair na cela e bater a cabe\u00e7a em um m\u00f3vel, no in\u00edcio deste ano, quando ainda estava detido na Superintend\u00eancia da PF, em Bras\u00edlia.<\/p>\n\n\n\n<p><a href=\"https:\/\/www.blogdobg.com.br\/bolsonaro-pede-atendimento-psicologico-na-prisao-e-tratamento-neurologico-ao-stf\/#comentarios\"><\/a><\/p>\n\n\n\n<p><a href=\"tg:\/\/msg?text=https%3A%2F%2Fwww.blogdobg.com.br%2Fbolsonaro-pede-atendimento-psicologico-na-prisao-e-tratamento-neurologico-ao-stf%2F%20Bolsonaro%20pede%20atendimento%20psicol%C3%B3gico%20na%20pris%C3%A3o%20e%20tratamento%20neurol%C3%B3gico%20ao%20STF\"><\/a><\/p>\n\n\n\n<p><a href=\"whatsapp:\/\/send?text=https%3A%2F%2Fwww.blogdobg.com.br%2Fbolsonaro-pede-atendimento-psicologico-na-prisao-e-tratamento-neurologico-ao-stf%2F%20Bolsonaro%20pede%20atendimento%20psicol%C3%B3gico%20na%20pris%C3%A3o%20e%20tratamento%20neurol%C3%B3gico%20ao%20STF\"><\/a><\/p>\n\n\n\n<p><a target=\"_blank\" href=\"https:\/\/facebook.com\/sharer\/sharer.php?u=https%3A%2F%2Fwww.blogdobg.com.br%2Fbolsonaro-pede-atendimento-psicologico-na-prisao-e-tratamento-neurologico-ao-stf%2F\" rel=\"noreferrer noopener\"><\/a><\/p>\n\n\n\n<p><a target=\"_blank\" href=\"https:\/\/twitter.com\/share?url=https%3A%2F%2Fwww.blogdobg.com.br%2Fbolsonaro-pede-atendimento-psicologico-na-prisao-e-tratamento-neurologico-ao-stf%2F&amp;text=Bolsonaro%20pede%20atendimento%20psicol%C3%B3gico%20na%20pris%C3%A3o%20e%20tratamento%20neurol%C3%B3gico%20ao%20STF\" rel=\"noreferrer noopener\"><\/a><\/p>\n\n\n\n<p><a href=\"mailto:?subject=Bolsonaro%20pede%20atendimento%20psicol%C3%B3gico%20na%20pris%C3%A3o%20e%20tratamento%20neurol%C3%B3gico%20ao%20STF&amp;body=https%3A%2F%2Fwww.blogdobg.com.br%2Fbolsonaro-pede-atendimento-psicologico-na-prisao-e-tratamento-neurologico-ao-stf%2F\"><\/a><\/p>\n","protected":false},"excerpt":{"rendered":"<p>A defesa do ex-presidente Jair Bolsonaro (PL) pediu ao STF autoriza\u00e7\u00e3o para que ele receba atendimento psicol\u00f3gico especializado dentro da unidade prisional onde cumpre pena, a Papudinha, em Bras\u00edlia. O pedido foi protocolado nesta sexta-feira (20) e est\u00e1 sob an\u00e1lise do ministro Alexandre de Moraes, relator da execu\u00e7\u00e3o penal ligada \u00e0 condena\u00e7\u00e3o por tentativa de&#8230;<\/p>\n","protected":false},"author":1,"featured_media":9645,"comment_status":"open","ping_status":"closed","sticky":false,"template":"","format":"standard","meta":{"footnotes":""},"categories":[31],"tags":[],"class_list":["post-9644","post","type-post","status-publish","format-standard","has-post-thumbnail","hentry","category-golpe"],"_links":{"self":[{"href":"https:\/\/cafecommessias.com.br\/index.php?rest_route=\/wp\/v2\/posts\/9644","targetHints":{"allow":["GET"]}}],"collection":[{"href":"https:\/\/cafecommessias.com.br\/index.php?rest_route=\/wp\/v2\/posts"}],"about":[{"href":"https:\/\/cafecommessias.com.br\/index.php?rest_route=\/wp\/v2\/types\/post"}],"author":[{"embeddable":true,"href":"https:\/\/cafecommessias.com.br\/index.php?rest_route=\/wp\/v2\/users\/1"}],"replies":[{"embeddable":true,"href":"https:\/\/cafecommessias.com.br\/index.php?rest_route=%2Fwp%2Fv2%2Fcomments&post=9644"}],"version-history":[{"count":1,"href":"https:\/\/cafecommessias.com.br\/index.php?rest_route=\/wp\/v2\/posts\/9644\/revisions"}],"predecessor-version":[{"id":9646,"href":"https:\/\/cafecommessias.com.br\/index.php?rest_route=\/wp\/v2\/posts\/9644\/revisions\/9646"}],"wp:featuredmedia":[{"embeddable":true,"href":"https:\/\/cafecommessias.com.br\/index.php?rest_route=\/wp\/v2\/media\/9645"}],"wp:attachment":[{"href":"https:\/\/cafecommessias.com.br\/index.php?rest_route=%2Fwp%2Fv2%2Fmedia&parent=9644"}],"wp:term":[{"taxonomy":"category","embeddable":true,"href":"https:\/\/cafecommessias.com.br\/index.php?rest_route=%2Fwp%2Fv2%2Fcategories&post=9644"},{"taxonomy":"post_tag","embeddable":true,"href":"https:\/\/cafecommessias.com.br\/index.php?rest_route=%2Fwp%2Fv2%2Ftags&post=9644"}],"curies":[{"name":"wp","href":"https:\/\/api.w.org\/{rel}","templated":true}]}}