{"id":9657,"date":"2026-02-21T12:07:28","date_gmt":"2026-02-21T15:07:28","guid":{"rendered":"https:\/\/cafecommessias.com.br\/?p=9657"},"modified":"2026-02-21T12:08:18","modified_gmt":"2026-02-21T15:08:18","slug":"governo-federal-sobe-imposto-de-importacao-de-mais-de-mil-itens-incluindo-celulares","status":"publish","type":"post","link":"https:\/\/cafecommessias.com.br\/?p=9657","title":{"rendered":"Governo Federal sobe imposto de importa\u00e7\u00e3o de mais de mil itens, incluindo celulares"},"content":{"rendered":"\n<p>Mais de mil produtos importados passaram a pagar imposto mais alto no Brasil neste m\u00eas, ap\u00f3s decis\u00e3o do governo federal que elevou em at\u00e9 7,2 pontos percentuais as tarifas sobre bens de capital e itens de inform\u00e1tica e telecomunica\u00e7\u00f5es \u2014 incluindo smartphones.<\/p>\n\n\n\n<p>Segundo o Minist\u00e9rio da Fazenda, as importa\u00e7\u00f5es desses segmentos cresceram 33,4% desde 2022 e j\u00e1 representam mais de 45% do consumo nacional, patamar que, segundo a pasta, amea\u00e7a a ind\u00fastria local. O governo sustenta que a medida \u00e9 \u201cmoderada e focalizada\u201d e busca conter concorr\u00eancia considerada assim\u00e9trica, al\u00e9m de reduzir a depend\u00eancia externa.<\/p>\n\n\n\n<p>Importadores e representantes do setor produtivo, no entanto, criticam a decis\u00e3o e alertam para impactos na competitividade e no custo de investimentos. Para Mauro Louren\u00e7o Dias, presidente do Fiorde Group, o aumento pode afetar diretamente projetos de moderniza\u00e7\u00e3o. Ele avalia que o pa\u00eds j\u00e1 opera com m\u00e1quinas antigas e que a eleva\u00e7\u00e3o das tarifas tende a encarecer equipamentos essenciais \u00e0 produtividade.<\/p>\n\n\n\n<p>Na pr\u00e1tica, o setor estima reflexos no pre\u00e7o de eletrodom\u00e9sticos, motores de port\u00e3o, manuten\u00e7\u00e3o hospitalar, exames m\u00e9dicos e obras de infraestrutura, como metr\u00f4s e projetos de minera\u00e7\u00e3o.<\/p>\n\n\n\n<p>O governo, por sua vez, afirma que o impacto sobre a infla\u00e7\u00e3o deve ser baixo e indireto, j\u00e1 que os bens atingidos s\u00e3o majoritariamente insumos de produ\u00e7\u00e3o. A Fazenda tamb\u00e9m aposta em maior substitui\u00e7\u00e3o por produtos nacionais e melhora do saldo externo.<\/p>\n\n\n\n<p>Apesar do aumento, foi aberta a possibilidade de pedidos de redu\u00e7\u00e3o tempor\u00e1ria da al\u00edquota para zero at\u00e9 31 de mar\u00e7o, com concess\u00f5es provis\u00f3rias de at\u00e9 120 dias para itens antes beneficiados.<\/p>\n\n\n\n<p>A medida brasileira ocorre no mesmo momento em que a Suprema Corte dos Estados Unidos derrubou parte do tarifa\u00e7o imposto pelo presidente Donald Trump, reacendendo o debate global sobre o uso de barreiras tarif\u00e1rias para prote\u00e7\u00e3o econ\u00f4mica.<\/p>\n\n\n\n<p>Parte dos aumentos anunciados pelo governo j\u00e1 entrou em vigor, o restante come\u00e7a em mar\u00e7o.<\/p>\n\n\n\n<p>Entre os produtos que tiveram as tarifas elevadas, est\u00e3o:<\/p>\n\n\n\n<ul class=\"wp-block-list\">\n<li>Telefones inteligentes (smartphones)<\/li>\n\n\n\n<li>Torres e p\u00f3rticos<\/li>\n\n\n\n<li>Reatores nucleares<\/li>\n\n\n\n<li>Caldeiras<\/li>\n\n\n\n<li>Geradores de g\u00e1s de ar<\/li>\n\n\n\n<li>Turbinas para embarca\u00e7\u00f5es<\/li>\n\n\n\n<li>Motores para avia\u00e7\u00e3o<\/li>\n\n\n\n<li>Bombas para distribui\u00e7\u00e3o de combust\u00edveis ou lubrificantes<\/li>\n\n\n\n<li>Fornos industriais<\/li>\n\n\n\n<li>Congeladores (freezers)<\/li>\n\n\n\n<li>Centrifugadores para laborat\u00f3rios de an\u00e1lises, ensaios ou pesquisas cient\u00edficas<\/li>\n\n\n\n<li>M\u00e1quinas e aparelhos para encher, fechar, arrolhar, capsular ou rotular garrafas<\/li>\n\n\n\n<li>Empilhadeiras<\/li>\n\n\n\n<li>Rob\u00f4s industriais<\/li>\n\n\n\n<li>M\u00e1quinas de comprimir ou de compactar<\/li>\n\n\n\n<li>Distribuidores de adubos (fertilizantes)<\/li>\n\n\n\n<li>M\u00e1quinas e aparelhos para as ind\u00fastrias de panifica\u00e7\u00e3o, a\u00e7\u00facar e cervejeira<\/li>\n\n\n\n<li>M\u00e1quinas para fabrica\u00e7\u00e3o de sacos ou de envelopes<\/li>\n\n\n\n<li>M\u00e1quinas e aparelhos de impress\u00e3o<\/li>\n\n\n\n<li>Cartuchos de tinta<\/li>\n\n\n\n<li>Descaro\u00e7adeiras e deslintadeiras de algod\u00e3o<\/li>\n\n\n\n<li>M\u00e1quinas para fia\u00e7\u00e3o de mat\u00e9rias t\u00eaxteis<\/li>\n\n\n\n<li>M\u00e1quinas e aparelhos para fabricar ou consertar cal\u00e7ado<\/li>\n\n\n\n<li>M\u00e1quinas e aparelhos para fabricar ou consertar cal\u00e7ado<\/li>\n\n\n\n<li>Martelos<\/li>\n\n\n\n<li>Circuitos impressos com componentes el\u00e9tricos ou eletr\u00f4nicos, montados<\/li>\n\n\n\n<li>M\u00e1quinas de cortar o cabelo<\/li>\n\n\n\n<li>Pain\u00e9is indicadores com LCD ou LED<\/li>\n\n\n\n<li>Controladores de edi\u00e7\u00e3o<\/li>\n\n\n\n<li>Tratores<\/li>\n\n\n\n<li>Transatl\u00e2nticos, barcos de excurs\u00e3o e embarca\u00e7\u00f5es semelhantes<\/li>\n\n\n\n<li>Plataformas de perfura\u00e7\u00e3o ou de explora\u00e7\u00e3o, flutuantes ou submers\u00edveis<\/li>\n\n\n\n<li>Navios de guerra<\/li>\n\n\n\n<li>C\u00e2meras fotogr\u00e1ficas para fotografia submarina ou a\u00e9rea, para exame m\u00e9dico de \u00f3rg\u00e3os internos ou para laborat\u00f3rios de medicina legal ou de investiga\u00e7\u00e3o judicial<\/li>\n\n\n\n<li>Aparelhos de diagn\u00f3stico de imagem por resson\u00e2ncia magn\u00e9tica<\/li>\n\n\n\n<li>Aparelhos dent\u00e1rios<\/li>\n\n\n\n<li>Aparelhos de tomografia computadorizada<\/li>\n<\/ul>\n\n\n\n<p class=\"has-text-align-center\"><strong><em>PUBLICIDADE<\/em><\/strong><\/p>\n\n\n\n<figure class=\"wp-block-image size-large\"><img loading=\"lazy\" decoding=\"async\" width=\"1024\" height=\"158\" src=\"https:\/\/cafecommessias.com.br\/wp-content\/uploads\/2026\/02\/Banner-1-ANO-1300x200px-1024x158.png\" alt=\"\" class=\"wp-image-9568\" srcset=\"https:\/\/cafecommessias.com.br\/wp-content\/uploads\/2026\/02\/Banner-1-ANO-1300x200px-1024x158.png 1024w, https:\/\/cafecommessias.com.br\/wp-content\/uploads\/2026\/02\/Banner-1-ANO-1300x200px-300x46.png 300w, https:\/\/cafecommessias.com.br\/wp-content\/uploads\/2026\/02\/Banner-1-ANO-1300x200px-768x118.png 768w, https:\/\/cafecommessias.com.br\/wp-content\/uploads\/2026\/02\/Banner-1-ANO-1300x200px.png 1300w\" sizes=\"auto, (max-width: 1024px) 100vw, 1024px\" \/><\/figure>\n","protected":false},"excerpt":{"rendered":"<p>Mais de mil produtos importados passaram a pagar imposto mais alto no Brasil neste m\u00eas, ap\u00f3s decis\u00e3o do governo federal que elevou em at\u00e9 7,2 pontos percentuais as tarifas sobre bens de capital e itens de inform\u00e1tica e telecomunica\u00e7\u00f5es \u2014 incluindo smartphones. Segundo o Minist\u00e9rio da Fazenda, as importa\u00e7\u00f5es desses segmentos cresceram 33,4% desde 2022&#8230;<\/p>\n","protected":false},"author":1,"featured_media":9658,"comment_status":"open","ping_status":"closed","sticky":false,"template":"","format":"standard","meta":{"footnotes":""},"categories":[4,7],"tags":[],"class_list":["post-9657","post","type-post","status-publish","format-standard","has-post-thumbnail","hentry","category-anuncie-aqui","category-economia"],"_links":{"self":[{"href":"https:\/\/cafecommessias.com.br\/index.php?rest_route=\/wp\/v2\/posts\/9657","targetHints":{"allow":["GET"]}}],"collection":[{"href":"https:\/\/cafecommessias.com.br\/index.php?rest_route=\/wp\/v2\/posts"}],"about":[{"href":"https:\/\/cafecommessias.com.br\/index.php?rest_route=\/wp\/v2\/types\/post"}],"author":[{"embeddable":true,"href":"https:\/\/cafecommessias.com.br\/index.php?rest_route=\/wp\/v2\/users\/1"}],"replies":[{"embeddable":true,"href":"https:\/\/cafecommessias.com.br\/index.php?rest_route=%2Fwp%2Fv2%2Fcomments&post=9657"}],"version-history":[{"count":2,"href":"https:\/\/cafecommessias.com.br\/index.php?rest_route=\/wp\/v2\/posts\/9657\/revisions"}],"predecessor-version":[{"id":9660,"href":"https:\/\/cafecommessias.com.br\/index.php?rest_route=\/wp\/v2\/posts\/9657\/revisions\/9660"}],"wp:featuredmedia":[{"embeddable":true,"href":"https:\/\/cafecommessias.com.br\/index.php?rest_route=\/wp\/v2\/media\/9658"}],"wp:attachment":[{"href":"https:\/\/cafecommessias.com.br\/index.php?rest_route=%2Fwp%2Fv2%2Fmedia&parent=9657"}],"wp:term":[{"taxonomy":"category","embeddable":true,"href":"https:\/\/cafecommessias.com.br\/index.php?rest_route=%2Fwp%2Fv2%2Fcategories&post=9657"},{"taxonomy":"post_tag","embeddable":true,"href":"https:\/\/cafecommessias.com.br\/index.php?rest_route=%2Fwp%2Fv2%2Ftags&post=9657"}],"curies":[{"name":"wp","href":"https:\/\/api.w.org\/{rel}","templated":true}]}}