{"id":9661,"date":"2026-02-21T12:12:26","date_gmt":"2026-02-21T15:12:26","guid":{"rendered":"https:\/\/cafecommessias.com.br\/?p=9661"},"modified":"2026-02-21T12:12:39","modified_gmt":"2026-02-21T15:12:39","slug":"apos-quase-30-anos-de-acidente-aereo-corpos-dos-cinco-mamonas-assassinas-serao-exumados","status":"publish","type":"post","link":"https:\/\/cafecommessias.com.br\/?p=9661","title":{"rendered":"Ap\u00f3s quase 30 anos de acidente a\u00e9reo, corpos dos cinco \u2018Mamonas Assassinas\u2019 ser\u00e3o exumados"},"content":{"rendered":"\n<p>Trinta anos ap\u00f3s o acidente a\u00e9reo que interrompeu uma das mais r\u00e1pidas trajet\u00f3rias de sucesso na m\u00fasica brasileira, os corpos de Dinho, Bento Hinoto, Samuel Reoli, J\u00falio Rasec e S\u00e9rgio Reoli, integrantes dos Mamonas Assassinas ser\u00e3o exumados nesta segunda-feira (23).<\/p>\n\n\n\n<p>A decis\u00e3o foi tomada em comum acordo pelas fam\u00edlias, que optaram pela crema\u00e7\u00e3o e pela transforma\u00e7\u00e3o das cinzas em adubo para o plantio de cinco \u00e1rvores no BioParque Cemit\u00e9rio de Guarulhos, cidade onde os m\u00fasicos viviam.<\/p>\n\n\n\n<p>O grupo morreu na noite de 2 de mar\u00e7o de 1996, quando o jatinho Learjet 25D, fretado pela banda, caiu na Serra da Cantareira durante uma tentativa de arremetida. Al\u00e9m dos m\u00fasicos da banda, o acidente vitimou dois tripulantes e dois membros da equipe.<\/p>\n\n\n\n<p>\u00c0 \u00e9poca, os Mamonas estavam no auge. O \u00fanico \u00e1lbum do grupo, lan\u00e7ado em 1995, ultrapassou 1,8 milh\u00e3o de c\u00f3pias vendidas em poucos meses, impulsionado por sucessos como Pelados em Santos e Bras\u00edlia Amarela. A banda encerrava uma turn\u00ea nacional e se preparava para gravar o segundo disco e viajar para a Europa.<\/p>\n\n\n\n<p>O vel\u00f3rio, realizado no Gin\u00e1sio Municipal Paschoal Thomeu, reuniu cerca de 30 mil pessoas. O cortejo at\u00e9 o cemit\u00e9rio atraiu mais de cem mil f\u00e3s, em uma despedida marcada por emo\u00e7\u00e3o, cantos e homenagens. Os m\u00fasicos foram enterrados juntos, em cerim\u00f4nia acompanhada apenas por familiares e amigos pr\u00f3ximos.<\/p>\n","protected":false},"excerpt":{"rendered":"<p>Trinta anos ap\u00f3s o acidente a\u00e9reo que interrompeu uma das mais r\u00e1pidas trajet\u00f3rias de sucesso na m\u00fasica brasileira, os corpos de Dinho, Bento Hinoto, Samuel Reoli, J\u00falio Rasec e S\u00e9rgio Reoli, integrantes dos Mamonas Assassinas ser\u00e3o exumados nesta segunda-feira (23). A decis\u00e3o foi tomada em comum acordo pelas fam\u00edlias, que optaram pela crema\u00e7\u00e3o e pela&#8230;<\/p>\n","protected":false},"author":1,"featured_media":9662,"comment_status":"open","ping_status":"closed","sticky":false,"template":"","format":"standard","meta":{"footnotes":""},"categories":[3],"tags":[],"class_list":["post-9661","post","type-post","status-publish","format-standard","has-post-thumbnail","hentry","category-geral"],"_links":{"self":[{"href":"https:\/\/cafecommessias.com.br\/index.php?rest_route=\/wp\/v2\/posts\/9661","targetHints":{"allow":["GET"]}}],"collection":[{"href":"https:\/\/cafecommessias.com.br\/index.php?rest_route=\/wp\/v2\/posts"}],"about":[{"href":"https:\/\/cafecommessias.com.br\/index.php?rest_route=\/wp\/v2\/types\/post"}],"author":[{"embeddable":true,"href":"https:\/\/cafecommessias.com.br\/index.php?rest_route=\/wp\/v2\/users\/1"}],"replies":[{"embeddable":true,"href":"https:\/\/cafecommessias.com.br\/index.php?rest_route=%2Fwp%2Fv2%2Fcomments&post=9661"}],"version-history":[{"count":1,"href":"https:\/\/cafecommessias.com.br\/index.php?rest_route=\/wp\/v2\/posts\/9661\/revisions"}],"predecessor-version":[{"id":9663,"href":"https:\/\/cafecommessias.com.br\/index.php?rest_route=\/wp\/v2\/posts\/9661\/revisions\/9663"}],"wp:featuredmedia":[{"embeddable":true,"href":"https:\/\/cafecommessias.com.br\/index.php?rest_route=\/wp\/v2\/media\/9662"}],"wp:attachment":[{"href":"https:\/\/cafecommessias.com.br\/index.php?rest_route=%2Fwp%2Fv2%2Fmedia&parent=9661"}],"wp:term":[{"taxonomy":"category","embeddable":true,"href":"https:\/\/cafecommessias.com.br\/index.php?rest_route=%2Fwp%2Fv2%2Fcategories&post=9661"},{"taxonomy":"post_tag","embeddable":true,"href":"https:\/\/cafecommessias.com.br\/index.php?rest_route=%2Fwp%2Fv2%2Ftags&post=9661"}],"curies":[{"name":"wp","href":"https:\/\/api.w.org\/{rel}","templated":true}]}}