{"id":9668,"date":"2026-02-21T14:24:54","date_gmt":"2026-02-21T17:24:54","guid":{"rendered":"https:\/\/cafecommessias.com.br\/?p=9668"},"modified":"2026-02-21T14:31:31","modified_gmt":"2026-02-21T17:31:31","slug":"trump-aumenta-tarifa-global-de-10-para-15-apos-decisao-da-suprema-corte-dos-eua","status":"publish","type":"post","link":"https:\/\/cafecommessias.com.br\/?p=9668","title":{"rendered":"Trump aumenta tarifa global de 10% para 15% ap\u00f3s decis\u00e3o da Suprema Corte dos EUA"},"content":{"rendered":"\n<p>Menos de 24 horas depois de anunciar uma tarifa global de 10% sobre todos os produtos importados pelos Estados Unidos, o presidente Donald Trump aumentou a taxa para 15%. A decis\u00e3o foi divulgada pelo republicano na sua rede social Truth Social neste s\u00e1bado (21).<\/p>\n\n\n\n<figure class=\"wp-block-image size-full\"><img loading=\"lazy\" decoding=\"async\" width=\"640\" height=\"440\" src=\"https:\/\/cafecommessias.com.br\/wp-content\/uploads\/2026\/02\/Donald_Trump_aumenta_tarifa_global_de_10_para_15_62c8625ccc.jpg\" alt=\"\" class=\"wp-image-9669\" srcset=\"https:\/\/cafecommessias.com.br\/wp-content\/uploads\/2026\/02\/Donald_Trump_aumenta_tarifa_global_de_10_para_15_62c8625ccc.jpg 640w, https:\/\/cafecommessias.com.br\/wp-content\/uploads\/2026\/02\/Donald_Trump_aumenta_tarifa_global_de_10_para_15_62c8625ccc-300x206.jpg 300w\" sizes=\"auto, (max-width: 640px) 100vw, 640px\" \/><\/figure>\n\n\n\n<p class=\"has-text-align-center\"><em><strong>Imagem: reprodu\u00e7\u00e3o\/Truth Social<\/strong><\/em><\/p>\n\n\n\n<p>Segundo Trump, o aumento acontece ap\u00f3s uma \u201crevis\u00e3o minuciosa\u201d da decis\u00e3o \u201crid\u00edcula, mal redigida e extraordinariamente antiamericana sobre tarifa\u201d da Suprema Corte do pa\u00eds, que derrubou nesta semana o tarifa\u00e7o implementado pelo mandat\u00e1rio em agosto do ano passado.<\/p>\n\n\n\n<p>Na mensagem publicada hoje, o presidente deu a entender que deve continuar retaliando a decis\u00e3o dos ju\u00edzes, prometendo ainda mais tarifas em breve.<\/p>\n\n\n\n<p>\u201c<em>Nos pr\u00f3ximos poucos meses, o Governo Trump determinar\u00e1 e anunciar\u00e1 as novas tarifas legalmente admiss\u00edveis, que dar\u00e3o continuidade ao nosso extraordinariamente bem-sucedido processo de Tornar a Am\u00e9rica Grande Novamente \u2014 MAIOR DO QUE NUNCA!!!<\/em>\u201c, completou.<\/p>\n\n\n\n<p class=\"has-text-align-center\"><strong><em>PUBLICIDADE<\/em><\/strong><\/p>\n\n\n\n<figure class=\"wp-block-image size-full\"><img loading=\"lazy\" decoding=\"async\" width=\"790\" height=\"200\" src=\"https:\/\/cafecommessias.com.br\/wp-content\/uploads\/2026\/02\/PMN-BANNER-SITE-CAFE-COM-MESSIAS-790-x-200-3.gif\" alt=\"\" class=\"wp-image-9580\"\/><\/figure>\n","protected":false},"excerpt":{"rendered":"<p>Menos de 24 horas depois de anunciar uma tarifa global de 10% sobre todos os produtos importados pelos Estados Unidos, o presidente Donald Trump aumentou a taxa para 15%. A decis\u00e3o foi divulgada pelo republicano na sua rede social Truth Social neste s\u00e1bado (21). Imagem: reprodu\u00e7\u00e3o\/Truth Social Segundo Trump, o aumento acontece ap\u00f3s uma \u201crevis\u00e3o&#8230;<\/p>\n","protected":false},"author":1,"featured_media":9670,"comment_status":"open","ping_status":"closed","sticky":false,"template":"","format":"standard","meta":{"footnotes":""},"categories":[4,2],"tags":[],"class_list":["post-9668","post","type-post","status-publish","format-standard","has-post-thumbnail","hentry","category-anuncie-aqui","category-internacional"],"_links":{"self":[{"href":"https:\/\/cafecommessias.com.br\/index.php?rest_route=\/wp\/v2\/posts\/9668","targetHints":{"allow":["GET"]}}],"collection":[{"href":"https:\/\/cafecommessias.com.br\/index.php?rest_route=\/wp\/v2\/posts"}],"about":[{"href":"https:\/\/cafecommessias.com.br\/index.php?rest_route=\/wp\/v2\/types\/post"}],"author":[{"embeddable":true,"href":"https:\/\/cafecommessias.com.br\/index.php?rest_route=\/wp\/v2\/users\/1"}],"replies":[{"embeddable":true,"href":"https:\/\/cafecommessias.com.br\/index.php?rest_route=%2Fwp%2Fv2%2Fcomments&post=9668"}],"version-history":[{"count":2,"href":"https:\/\/cafecommessias.com.br\/index.php?rest_route=\/wp\/v2\/posts\/9668\/revisions"}],"predecessor-version":[{"id":9672,"href":"https:\/\/cafecommessias.com.br\/index.php?rest_route=\/wp\/v2\/posts\/9668\/revisions\/9672"}],"wp:featuredmedia":[{"embeddable":true,"href":"https:\/\/cafecommessias.com.br\/index.php?rest_route=\/wp\/v2\/media\/9670"}],"wp:attachment":[{"href":"https:\/\/cafecommessias.com.br\/index.php?rest_route=%2Fwp%2Fv2%2Fmedia&parent=9668"}],"wp:term":[{"taxonomy":"category","embeddable":true,"href":"https:\/\/cafecommessias.com.br\/index.php?rest_route=%2Fwp%2Fv2%2Fcategories&post=9668"},{"taxonomy":"post_tag","embeddable":true,"href":"https:\/\/cafecommessias.com.br\/index.php?rest_route=%2Fwp%2Fv2%2Ftags&post=9668"}],"curies":[{"name":"wp","href":"https:\/\/api.w.org\/{rel}","templated":true}]}}