{"id":9724,"date":"2026-02-23T06:44:38","date_gmt":"2026-02-23T09:44:38","guid":{"rendered":"https:\/\/cafecommessias.com.br\/?p=9724"},"modified":"2026-02-23T06:47:30","modified_gmt":"2026-02-23T09:47:30","slug":"vice-do-pt-critica-ala-polemica-em-homenagem-a-lula-e-pede-dialogo-com-conservadores","status":"publish","type":"post","link":"https:\/\/cafecommessias.com.br\/?p=9724","title":{"rendered":"Vice do PT critica ala pol\u00eamica em homenagem a Lula e pede di\u00e1logo com conservadores"},"content":{"rendered":"\n<p>O vice-presidente do PT e prefeito de Maric\u00e1 (RJ),&nbsp;Washington Quaqu\u00e1, criticou a ala \u201cneoconservadores\u201d apresentada pela&nbsp;Acad\u00eamicos de Niter\u00f3i&nbsp;no desfile que homenageou o presidente&nbsp;Luiz In\u00e1cio Lula da Silva. A escola levou \u00e0 avenida fam\u00edlias dentro de latas de conserva, com refer\u00eancias a setores evang\u00e9licos, o que gerou forte rea\u00e7\u00e3o nas redes sociais.<\/p>\n\n\n\n<p>Em publica\u00e7\u00e3o, Quaqu\u00e1 afirmou que o PT n\u00e3o pode deixar de dialogar com quem \u00e9 \u201cconservador nos costumes\u201d e defendeu respeito a essa parcela da popula\u00e7\u00e3o. Segundo ele, um partido popular precisa \u201cabra\u00e7ar todo mundo\u201d se quiser construir maioria e hegemonia pol\u00edtica. \u201cPol\u00edtica de verdade \u00e9 a que une, n\u00e3o a que divide\u201d, escreveu.<\/p>\n\n\n\n<p>O desfile, que teve como enredo \u201cDo alto do mulungu surge a esperan\u00e7a: Lula, o oper\u00e1rio do Brasil\u201d, desencadeou quase uma dezena de a\u00e7\u00f5es judiciais no&nbsp;Tribunal Superior Eleitoral&nbsp;e na Justi\u00e7a Federal. As contesta\u00e7\u00f5es apontam suposta propaganda eleitoral antecipada e questionam o uso de recursos p\u00fablicos.<\/p>\n\n\n\n<p>Em meio \u00e0 repercuss\u00e3o, Lula afirmou que n\u00e3o interferiu no conte\u00fado art\u00edstico da apresenta\u00e7\u00e3o. Durante agenda em Nova D\u00e9li, o presidente declarou que apenas aceitou a homenagem e que n\u00e3o participou da elabora\u00e7\u00e3o de fantasias ou alegorias.<\/p>\n\n\n\n<p>A pol\u00eamica abriu um flanco de desgaste com segmentos evang\u00e9licos e se tornou o primeiro grande embate pol\u00edtico envolvendo o governo em ano eleitoral.<\/p>\n\n\n\n<p><em><sub>Por Metr\u00f3poles<\/sub><\/em><\/p>\n\n\n\n<p><\/p>\n","protected":false},"excerpt":{"rendered":"<p>O vice-presidente do PT e prefeito de Maric\u00e1 (RJ),&nbsp;Washington Quaqu\u00e1, criticou a ala \u201cneoconservadores\u201d apresentada pela&nbsp;Acad\u00eamicos de Niter\u00f3i&nbsp;no desfile que homenageou o presidente&nbsp;Luiz In\u00e1cio Lula da Silva. A escola levou \u00e0 avenida fam\u00edlias dentro de latas de conserva, com refer\u00eancias a setores evang\u00e9licos, o que gerou forte rea\u00e7\u00e3o nas redes sociais. Em publica\u00e7\u00e3o, Quaqu\u00e1 afirmou&#8230;<\/p>\n","protected":false},"author":1,"featured_media":9725,"comment_status":"open","ping_status":"closed","sticky":false,"template":"","format":"standard","meta":{"footnotes":""},"categories":[6],"tags":[],"class_list":["post-9724","post","type-post","status-publish","format-standard","has-post-thumbnail","hentry","category-politica"],"_links":{"self":[{"href":"https:\/\/cafecommessias.com.br\/index.php?rest_route=\/wp\/v2\/posts\/9724","targetHints":{"allow":["GET"]}}],"collection":[{"href":"https:\/\/cafecommessias.com.br\/index.php?rest_route=\/wp\/v2\/posts"}],"about":[{"href":"https:\/\/cafecommessias.com.br\/index.php?rest_route=\/wp\/v2\/types\/post"}],"author":[{"embeddable":true,"href":"https:\/\/cafecommessias.com.br\/index.php?rest_route=\/wp\/v2\/users\/1"}],"replies":[{"embeddable":true,"href":"https:\/\/cafecommessias.com.br\/index.php?rest_route=%2Fwp%2Fv2%2Fcomments&post=9724"}],"version-history":[{"count":1,"href":"https:\/\/cafecommessias.com.br\/index.php?rest_route=\/wp\/v2\/posts\/9724\/revisions"}],"predecessor-version":[{"id":9726,"href":"https:\/\/cafecommessias.com.br\/index.php?rest_route=\/wp\/v2\/posts\/9724\/revisions\/9726"}],"wp:featuredmedia":[{"embeddable":true,"href":"https:\/\/cafecommessias.com.br\/index.php?rest_route=\/wp\/v2\/media\/9725"}],"wp:attachment":[{"href":"https:\/\/cafecommessias.com.br\/index.php?rest_route=%2Fwp%2Fv2%2Fmedia&parent=9724"}],"wp:term":[{"taxonomy":"category","embeddable":true,"href":"https:\/\/cafecommessias.com.br\/index.php?rest_route=%2Fwp%2Fv2%2Fcategories&post=9724"},{"taxonomy":"post_tag","embeddable":true,"href":"https:\/\/cafecommessias.com.br\/index.php?rest_route=%2Fwp%2Fv2%2Ftags&post=9724"}],"curies":[{"name":"wp","href":"https:\/\/api.w.org\/{rel}","templated":true}]}}