{"id":9731,"date":"2026-02-23T06:51:52","date_gmt":"2026-02-23T09:51:52","guid":{"rendered":"https:\/\/cafecommessias.com.br\/?p=9731"},"modified":"2026-02-23T06:52:02","modified_gmt":"2026-02-23T09:52:02","slug":"brasileiro-trabalha-menos-horas-que-a-media-global-indica-levantamento-com-informacoes-de-160-paises","status":"publish","type":"post","link":"https:\/\/cafecommessias.com.br\/?p=9731","title":{"rendered":"Brasileiro trabalha menos horas que a m\u00e9dia global, indica levantamento com informa\u00e7\u00f5es de 160 pa\u00edses"},"content":{"rendered":"\n<p>Trabalhadores brasileiros dedicam menos horas ao trabalho do que a m\u00e9dia global. Dados de um banco internacional com informa\u00e7\u00f5es de 160 pa\u00edses, analisados pelo economista Daniel Duque, do FGV Ibre, mostram que, em 2022 e 2023, a m\u00e9dia mundial foi de 42,7 horas semanais, enquanto no Brasil ficou em 40,1 horas.<\/p>\n\n\n\n<p>O banco de dados foi organizado pelos economistas Amory Gethin, do Banco Mundial, e Emmanuel Saez, da Universidade da Calif\u00f3rnia em Berkeley, com base em levantamentos da Organiza\u00e7\u00e3o Internacional do Trabalho e outras institui\u00e7\u00f5es.<\/p>\n\n\n\n<p>Na compara\u00e7\u00e3o com 86 pa\u00edses com s\u00e9ries hist\u00f3ricas longas, o Brasil ocupa a 38\u00aa posi\u00e7\u00e3o em horas trabalhadas. Quando se ajusta o ranking ao n\u00edvel de produtividade e \u00e0 estrutura demogr\u00e1fica, o pa\u00eds cai para o ter\u00e7o inferior, ficando em 60\u00ba lugar entre 85 pa\u00edses. Mesmo ao considerar impostos e transfer\u00eancias sociais, o Brasil segue abaixo do esperado.<\/p>\n\n\n\n<p>Segundo Duque, a principal explica\u00e7\u00e3o parece ser cultural: uma prefer\u00eancia maior pelo lazer, antes mesmo de o pa\u00eds atingir n\u00edveis elevados de renda. O brasileiro trabalha, em m\u00e9dia, 1 hora e 12 minutos a menos por semana do que seria esperado para seu n\u00edvel de produtividade.<\/p>\n\n\n\n<p>O estudo mostra que, \u00e0 medida que os pa\u00edses enriquecem, tendem a reduzir a jornada. Na Fran\u00e7a, por exemplo, a m\u00e9dia \u00e9 de 31 horas semanais. O problema, segundo Duque, \u00e9 que o Brasil \u201creduziu a jornada antes de ficar rico\u201d.<\/p>\n\n\n\n<p>Em rankings de \u201cesfor\u00e7o adicional\u201d, os Emirados \u00c1rabes Unidos lideram positivamente, enquanto pa\u00edses como Mold\u00e1via e Mo\u00e7ambique aparecem no extremo oposto. J\u00e1 quando impostos e benef\u00edcios entram na conta, o destaque positivo \u00e9 o Jap\u00e3o.<\/p>\n\n\n\n<p>Para o economista Samuel Pess\u00f4a, tamb\u00e9m do FGV Ibre, trabalhar menos \u00e9 uma escolha leg\u00edtima, mas com impacto claro: menor renda per capita. Ele observa que parte da diferen\u00e7a de renda entre o Brasil e pa\u00edses como Coreia do Sul e Taiwan decorre n\u00e3o s\u00f3 da produtividade, mas do maior n\u00famero de horas trabalhadas.<\/p>\n\n\n\n<p>O debate ganha relev\u00e2ncia no momento em que o pa\u00eds discute a redu\u00e7\u00e3o da jornada, como o fim da escala 6\u00d71. \u201cReduzir horas tem impacto econ\u00f4mico. A ideia de que j\u00e1 trabalhamos demais n\u00e3o se sustenta nos dados\u201d, conclui Pess\u00f4a.<\/p>\n","protected":false},"excerpt":{"rendered":"<p>Trabalhadores brasileiros dedicam menos horas ao trabalho do que a m\u00e9dia global. Dados de um banco internacional com informa\u00e7\u00f5es de 160 pa\u00edses, analisados pelo economista Daniel Duque, do FGV Ibre, mostram que, em 2022 e 2023, a m\u00e9dia mundial foi de 42,7 horas semanais, enquanto no Brasil ficou em 40,1 horas. O banco de dados&#8230;<\/p>\n","protected":false},"author":1,"featured_media":9732,"comment_status":"open","ping_status":"closed","sticky":false,"template":"","format":"standard","meta":{"footnotes":""},"categories":[37],"tags":[],"class_list":["post-9731","post","type-post","status-publish","format-standard","has-post-thumbnail","hentry","category-brasil"],"_links":{"self":[{"href":"https:\/\/cafecommessias.com.br\/index.php?rest_route=\/wp\/v2\/posts\/9731","targetHints":{"allow":["GET"]}}],"collection":[{"href":"https:\/\/cafecommessias.com.br\/index.php?rest_route=\/wp\/v2\/posts"}],"about":[{"href":"https:\/\/cafecommessias.com.br\/index.php?rest_route=\/wp\/v2\/types\/post"}],"author":[{"embeddable":true,"href":"https:\/\/cafecommessias.com.br\/index.php?rest_route=\/wp\/v2\/users\/1"}],"replies":[{"embeddable":true,"href":"https:\/\/cafecommessias.com.br\/index.php?rest_route=%2Fwp%2Fv2%2Fcomments&post=9731"}],"version-history":[{"count":1,"href":"https:\/\/cafecommessias.com.br\/index.php?rest_route=\/wp\/v2\/posts\/9731\/revisions"}],"predecessor-version":[{"id":9733,"href":"https:\/\/cafecommessias.com.br\/index.php?rest_route=\/wp\/v2\/posts\/9731\/revisions\/9733"}],"wp:featuredmedia":[{"embeddable":true,"href":"https:\/\/cafecommessias.com.br\/index.php?rest_route=\/wp\/v2\/media\/9732"}],"wp:attachment":[{"href":"https:\/\/cafecommessias.com.br\/index.php?rest_route=%2Fwp%2Fv2%2Fmedia&parent=9731"}],"wp:term":[{"taxonomy":"category","embeddable":true,"href":"https:\/\/cafecommessias.com.br\/index.php?rest_route=%2Fwp%2Fv2%2Fcategories&post=9731"},{"taxonomy":"post_tag","embeddable":true,"href":"https:\/\/cafecommessias.com.br\/index.php?rest_route=%2Fwp%2Fv2%2Ftags&post=9731"}],"curies":[{"name":"wp","href":"https:\/\/api.w.org\/{rel}","templated":true}]}}