{"id":9749,"date":"2026-02-24T06:45:40","date_gmt":"2026-02-24T09:45:40","guid":{"rendered":"https:\/\/cafecommessias.com.br\/?p=9749"},"modified":"2026-02-24T06:45:52","modified_gmt":"2026-02-24T09:45:52","slug":"apos-decisao-do-stf-congresso-faz-ofensiva-para-ouvir-vorcaro","status":"publish","type":"post","link":"https:\/\/cafecommessias.com.br\/?p=9749","title":{"rendered":"Ap\u00f3s decis\u00e3o do STF, Congresso faz ofensiva para ouvir Vorcaro"},"content":{"rendered":"\n<p>Ap\u00f3s decis\u00e3o do ministro&nbsp;Andr\u00e9 Mendon\u00e7a, do&nbsp;Supremo Tribunal Federal, que tornou facultativa a presen\u00e7a do banqueiro Daniel Vorcaro em oitivas no Congresso, parlamentares iniciaram uma ofensiva para garantir o depoimento do dono do&nbsp;Banco Master.<\/p>\n\n\n\n<p>O presidente da&nbsp;Comiss\u00e3o Parlamentar Mista de Inqu\u00e9rito do INSS, senador&nbsp;Carlos Viana, afirmou que n\u00e3o abre m\u00e3o de ouvir Vorcaro presencialmente em Bras\u00edlia. Segundo ele, a defesa do empres\u00e1rio sugeriu uma reuni\u00e3o fechada em S\u00e3o Paulo, proposta que foi descartada. \u201cAqui ele n\u00e3o ter\u00e1 nenhum privil\u00e9gio. Vou lutar pela presen\u00e7a dele aqui\u201d, declarou.<\/p>\n\n\n\n<p>J\u00e1 a senadora&nbsp;Damares Alves&nbsp;apresentou dois requerimentos para viabilizar alternativas. Um deles prop\u00f5e que a oitiva ocorra nas depend\u00eancias da&nbsp;Assembleia Legislativa do Estado de S\u00e3o Paulo. O outro sugere depoimento por videoconfer\u00eancia, com comparecimento f\u00edsico ao&nbsp;Tribunal Regional Federal da 3\u00aa Regi\u00e3o, como forma de garantir formalidade e controle institucional.<\/p>\n\n\n\n<p>Apesar da mobiliza\u00e7\u00e3o na CPMI, cresce a possibilidade de que Vorcaro seja ouvido pelo grupo de trabalho da&nbsp;Comiss\u00e3o de Assuntos Econ\u00f4micos do Senado, presidido pelo senador&nbsp;Renan Calheiros. Segundo apura\u00e7\u00e3o, o banqueiro sugeriu tr\u00eas alternativas: depoimento em S\u00e3o Paulo, participa\u00e7\u00e3o por videoconfer\u00eancia ou comparecimento presencial na semana seguinte.<\/p>\n\n\n\n<p>A decis\u00e3o final caber\u00e1 aos integrantes das comiss\u00f5es, que devem votar qual formato ser\u00e1 adotado. O embate exp\u00f5e mais um cap\u00edtulo da tens\u00e3o entre Legislativo e Judici\u00e1rio em torno das investiga\u00e7\u00f5es sobre o sistema financeiro e os desdobramentos do caso.<\/p>\n","protected":false},"excerpt":{"rendered":"<p>Ap\u00f3s decis\u00e3o do ministro&nbsp;Andr\u00e9 Mendon\u00e7a, do&nbsp;Supremo Tribunal Federal, que tornou facultativa a presen\u00e7a do banqueiro Daniel Vorcaro em oitivas no Congresso, parlamentares iniciaram uma ofensiva para garantir o depoimento do dono do&nbsp;Banco Master. O presidente da&nbsp;Comiss\u00e3o Parlamentar Mista de Inqu\u00e9rito do INSS, senador&nbsp;Carlos Viana, afirmou que n\u00e3o abre m\u00e3o de ouvir Vorcaro presencialmente em Bras\u00edlia&#8230;.<\/p>\n","protected":false},"author":1,"featured_media":9750,"comment_status":"open","ping_status":"closed","sticky":false,"template":"","format":"standard","meta":{"footnotes":""},"categories":[3],"tags":[],"class_list":["post-9749","post","type-post","status-publish","format-standard","has-post-thumbnail","hentry","category-geral"],"_links":{"self":[{"href":"https:\/\/cafecommessias.com.br\/index.php?rest_route=\/wp\/v2\/posts\/9749","targetHints":{"allow":["GET"]}}],"collection":[{"href":"https:\/\/cafecommessias.com.br\/index.php?rest_route=\/wp\/v2\/posts"}],"about":[{"href":"https:\/\/cafecommessias.com.br\/index.php?rest_route=\/wp\/v2\/types\/post"}],"author":[{"embeddable":true,"href":"https:\/\/cafecommessias.com.br\/index.php?rest_route=\/wp\/v2\/users\/1"}],"replies":[{"embeddable":true,"href":"https:\/\/cafecommessias.com.br\/index.php?rest_route=%2Fwp%2Fv2%2Fcomments&post=9749"}],"version-history":[{"count":1,"href":"https:\/\/cafecommessias.com.br\/index.php?rest_route=\/wp\/v2\/posts\/9749\/revisions"}],"predecessor-version":[{"id":9751,"href":"https:\/\/cafecommessias.com.br\/index.php?rest_route=\/wp\/v2\/posts\/9749\/revisions\/9751"}],"wp:featuredmedia":[{"embeddable":true,"href":"https:\/\/cafecommessias.com.br\/index.php?rest_route=\/wp\/v2\/media\/9750"}],"wp:attachment":[{"href":"https:\/\/cafecommessias.com.br\/index.php?rest_route=%2Fwp%2Fv2%2Fmedia&parent=9749"}],"wp:term":[{"taxonomy":"category","embeddable":true,"href":"https:\/\/cafecommessias.com.br\/index.php?rest_route=%2Fwp%2Fv2%2Fcategories&post=9749"},{"taxonomy":"post_tag","embeddable":true,"href":"https:\/\/cafecommessias.com.br\/index.php?rest_route=%2Fwp%2Fv2%2Ftags&post=9749"}],"curies":[{"name":"wp","href":"https:\/\/api.w.org\/{rel}","templated":true}]}}