{"id":975,"date":"2025-07-18T21:10:09","date_gmt":"2025-07-19T00:10:09","guid":{"rendered":"https:\/\/cafecommessias.com.br\/?p=975"},"modified":"2025-07-19T08:55:43","modified_gmt":"2025-07-19T11:55:43","slug":"portugal-enfrenta-avalanche-de-imigrantes-governo-pode-recuar-de-endurecer-regra-de-nacionalidade","status":"publish","type":"post","link":"https:\/\/cafecommessias.com.br\/?p=975","title":{"rendered":"Portugal enfrenta \u2018avalanche\u2019 de imigrantes; governo pode recuar de endurecer regra de nacionalidade"},"content":{"rendered":"\n<figure class=\"wp-block-image size-full\"><img loading=\"lazy\" decoding=\"async\" width=\"450\" height=\"495\" src=\"https:\/\/cafecommessias.com.br\/wp-content\/uploads\/2025\/07\/ER4EXWSF5ZHJZAFU7HQJ4WAGOY.avif\" alt=\"\" class=\"wp-image-978\" srcset=\"https:\/\/cafecommessias.com.br\/wp-content\/uploads\/2025\/07\/ER4EXWSF5ZHJZAFU7HQJ4WAGOY.avif 450w, https:\/\/cafecommessias.com.br\/wp-content\/uploads\/2025\/07\/ER4EXWSF5ZHJZAFU7HQJ4WAGOY-273x300.avif 273w\" sizes=\"auto, (max-width: 450px) 100vw, 450px\" \/><\/figure>\n\n\n\n<p>Em\u00eddio Sousa, secret\u00e1rio do Minist\u00e9rio dos Neg\u00f3cios Estrangeiros, explica motivos para governo portugu\u00eas restringir imigra\u00e7\u00e3o e indica dificuldade pol\u00edtica de fazer o mesmo com a nacionalidade<\/p>\n\n\n\n<p>O governo de&nbsp;<strong>Portugal<\/strong>&nbsp;pode ter de recuar da proposta de altera\u00e7\u00e3o da lei de nacionalidade, que dificulta a obten\u00e7\u00e3o da cidadania portuguesa, indicou o secret\u00e1rio de Estado das Comunidades Portuguesas,&nbsp;<strong>Em\u00eddio Sousa<\/strong>. Para o pol\u00edtico do PSD, partido do primeiro-ministro&nbsp;<strong>Lu\u00eds Montenegro<\/strong>, a proposta governista ter\u00e1 de ser ajustada, pois corre risco de ser barrada.<\/p>\n\n\n\n<p>Um dia depois de o governo aprovar na Assembleia da Rep\u00fablica a primeira parte de um \u201cpacote anti-imigra\u00e7\u00e3o\u201d, o secret\u00e1rio do Minist\u00e9rio de Neg\u00f3cios Estrangeiros relatou que o presidente&nbsp;<strong>Marcelo Rebelo de Sousa<\/strong>&nbsp;tende a intervir no endurecimento da lei de nacionalidade. O debate ser\u00e1 retomado em setembro.<\/p>\n\n\n\n<p>\u201cO pacote de nacionalidade eu at\u00e9 tenho d\u00favidas que v\u00e1 passar\u201d, disse Em\u00eddio Sousa. \u201cMuitas vezes a proposta inicial \u00e9 excessiva e depois a discuss\u00e3o pol\u00edtica leva a alguns ajustes. Eu julgo que vai acontecer isso nessa lei.\u201d<\/p>\n\n\n\n<p><sub>por Estad\u00e3o 150<\/sub><\/p>\n\n\n\n<p class=\"has-text-align-center\"><strong><em>PUBLICIDADE<\/em><\/strong><\/p>\n\n\n\n<figure class=\"wp-block-image size-full\"><img loading=\"lazy\" decoding=\"async\" width=\"970\" height=\"250\" src=\"https:\/\/cafecommessias.com.br\/wp-content\/uploads\/2025\/07\/SENAC-4.png\" alt=\"\" class=\"wp-image-997\" srcset=\"https:\/\/cafecommessias.com.br\/wp-content\/uploads\/2025\/07\/SENAC-4.png 970w, https:\/\/cafecommessias.com.br\/wp-content\/uploads\/2025\/07\/SENAC-4-300x77.png 300w, https:\/\/cafecommessias.com.br\/wp-content\/uploads\/2025\/07\/SENAC-4-768x198.png 768w\" sizes=\"auto, (max-width: 970px) 100vw, 970px\" \/><\/figure>\n","protected":false},"excerpt":{"rendered":"<p>Em\u00eddio Sousa, secret\u00e1rio do Minist\u00e9rio dos Neg\u00f3cios Estrangeiros, explica motivos para governo portugu\u00eas restringir imigra\u00e7\u00e3o e indica dificuldade pol\u00edtica de fazer o mesmo com a nacionalidade O governo de&nbsp;Portugal&nbsp;pode ter de recuar da proposta de altera\u00e7\u00e3o da lei de nacionalidade, que dificulta a obten\u00e7\u00e3o da cidadania portuguesa, indicou o secret\u00e1rio de Estado das Comunidades Portuguesas,&nbsp;Em\u00eddio&#8230;<\/p>\n","protected":false},"author":1,"featured_media":980,"comment_status":"open","ping_status":"closed","sticky":false,"template":"","format":"standard","meta":{"footnotes":""},"categories":[2],"tags":[],"class_list":["post-975","post","type-post","status-publish","format-standard","has-post-thumbnail","hentry","category-internacional"],"_links":{"self":[{"href":"https:\/\/cafecommessias.com.br\/index.php?rest_route=\/wp\/v2\/posts\/975","targetHints":{"allow":["GET"]}}],"collection":[{"href":"https:\/\/cafecommessias.com.br\/index.php?rest_route=\/wp\/v2\/posts"}],"about":[{"href":"https:\/\/cafecommessias.com.br\/index.php?rest_route=\/wp\/v2\/types\/post"}],"author":[{"embeddable":true,"href":"https:\/\/cafecommessias.com.br\/index.php?rest_route=\/wp\/v2\/users\/1"}],"replies":[{"embeddable":true,"href":"https:\/\/cafecommessias.com.br\/index.php?rest_route=%2Fwp%2Fv2%2Fcomments&post=975"}],"version-history":[{"count":3,"href":"https:\/\/cafecommessias.com.br\/index.php?rest_route=\/wp\/v2\/posts\/975\/revisions"}],"predecessor-version":[{"id":998,"href":"https:\/\/cafecommessias.com.br\/index.php?rest_route=\/wp\/v2\/posts\/975\/revisions\/998"}],"wp:featuredmedia":[{"embeddable":true,"href":"https:\/\/cafecommessias.com.br\/index.php?rest_route=\/wp\/v2\/media\/980"}],"wp:attachment":[{"href":"https:\/\/cafecommessias.com.br\/index.php?rest_route=%2Fwp%2Fv2%2Fmedia&parent=975"}],"wp:term":[{"taxonomy":"category","embeddable":true,"href":"https:\/\/cafecommessias.com.br\/index.php?rest_route=%2Fwp%2Fv2%2Fcategories&post=975"},{"taxonomy":"post_tag","embeddable":true,"href":"https:\/\/cafecommessias.com.br\/index.php?rest_route=%2Fwp%2Fv2%2Ftags&post=975"}],"curies":[{"name":"wp","href":"https:\/\/api.w.org\/{rel}","templated":true}]}}