{"id":9760,"date":"2026-02-25T05:49:00","date_gmt":"2026-02-25T08:49:00","guid":{"rendered":"https:\/\/cafecommessias.com.br\/?p=9760"},"modified":"2026-02-25T06:05:42","modified_gmt":"2026-02-25T09:05:42","slug":"vazamento-no-stf-moraes-manda-pf-colocar-tornozeleira-eletronica-em-vigilante-da-receita","status":"publish","type":"post","link":"https:\/\/cafecommessias.com.br\/?p=9760","title":{"rendered":"Vazamento no STF: Moraes manda PF colocar tornozeleira eletr\u00f4nica em vigilante da Receita"},"content":{"rendered":"\n<p>O ministro Alexandre de Moraes, do STF, determinou que a Pol\u00edcia Federal colocasse tornozeleira eletr\u00f4nica em um vigilante da Receita Federal no Rio de Janeiro. A medida foi tomada no \u00e2mbito da investiga\u00e7\u00e3o sobre&nbsp;<a href=\"https:\/\/www.blogdobg.com.br\/pf-vai-ouvir-servidores-suspeitos-de-vazamento-de-dados-fiscais-ligados-ao-stf\/\">vazamento de dados de ministros do STF e de familiares<\/a>.<\/p>\n\n\n\n<p>A opera\u00e7\u00e3o da PF contra o vigilante ocorreu na \u00faltima quinta-feira (19). O alvo trabalha no Centro de Atendimento ao Contribuinte da Receita, em Laranjeiras, na mesma unidade de um servidor do Serpro suspeito de vender informa\u00e7\u00f5es sigilosas sobre autoridades da Corte.<\/p>\n\n\n\n<p>No total,&nbsp;<a href=\"https:\/\/www.blogdobg.com.br\/video-auditores-da-receita-com-medo-de-stf-e-menos-arriscado-fiscalizar-o-pcc\/\">quatro servidores da Receita Federal foram investigados<\/a>&nbsp;por suposto vazamento de dados, entre eles declara\u00e7\u00f5es de Imposto de Renda de familiares de ministros. Os mandados foram cumpridos em S\u00e3o Paulo, Rio de Janeiro e Bahia, a pedido da Procuradoria-Geral da Rep\u00fablica e autorizados por Moraes.<\/p>\n\n\n\n<p>Em nota, a Receita Federal afirmou que \u201cn\u00e3o tolera desvios, especialmente relacionados ao sigilo fiscal\u201d e que seus sistemas s\u00e3o \u201ctotalmente rastre\u00e1veis, audit\u00e1veis e pun\u00edveis, inclusive na esfera criminal\u201d. A investiga\u00e7\u00e3o faz parte do Inqu\u00e9rito 4.781, conhecido como inqu\u00e9rito das fake news.<\/p>\n","protected":false},"excerpt":{"rendered":"<p>O ministro Alexandre de Moraes, do STF, determinou que a Pol\u00edcia Federal colocasse tornozeleira eletr\u00f4nica em um vigilante da Receita Federal no Rio de Janeiro. A medida foi tomada no \u00e2mbito da investiga\u00e7\u00e3o sobre&nbsp;vazamento de dados de ministros do STF e de familiares. A opera\u00e7\u00e3o da PF contra o vigilante ocorreu na \u00faltima quinta-feira (19)&#8230;.<\/p>\n","protected":false},"author":1,"featured_media":9761,"comment_status":"open","ping_status":"closed","sticky":false,"template":"","format":"standard","meta":{"footnotes":""},"categories":[3],"tags":[],"class_list":["post-9760","post","type-post","status-publish","format-standard","has-post-thumbnail","hentry","category-geral"],"_links":{"self":[{"href":"https:\/\/cafecommessias.com.br\/index.php?rest_route=\/wp\/v2\/posts\/9760","targetHints":{"allow":["GET"]}}],"collection":[{"href":"https:\/\/cafecommessias.com.br\/index.php?rest_route=\/wp\/v2\/posts"}],"about":[{"href":"https:\/\/cafecommessias.com.br\/index.php?rest_route=\/wp\/v2\/types\/post"}],"author":[{"embeddable":true,"href":"https:\/\/cafecommessias.com.br\/index.php?rest_route=\/wp\/v2\/users\/1"}],"replies":[{"embeddable":true,"href":"https:\/\/cafecommessias.com.br\/index.php?rest_route=%2Fwp%2Fv2%2Fcomments&post=9760"}],"version-history":[{"count":1,"href":"https:\/\/cafecommessias.com.br\/index.php?rest_route=\/wp\/v2\/posts\/9760\/revisions"}],"predecessor-version":[{"id":9762,"href":"https:\/\/cafecommessias.com.br\/index.php?rest_route=\/wp\/v2\/posts\/9760\/revisions\/9762"}],"wp:featuredmedia":[{"embeddable":true,"href":"https:\/\/cafecommessias.com.br\/index.php?rest_route=\/wp\/v2\/media\/9761"}],"wp:attachment":[{"href":"https:\/\/cafecommessias.com.br\/index.php?rest_route=%2Fwp%2Fv2%2Fmedia&parent=9760"}],"wp:term":[{"taxonomy":"category","embeddable":true,"href":"https:\/\/cafecommessias.com.br\/index.php?rest_route=%2Fwp%2Fv2%2Fcategories&post=9760"},{"taxonomy":"post_tag","embeddable":true,"href":"https:\/\/cafecommessias.com.br\/index.php?rest_route=%2Fwp%2Fv2%2Ftags&post=9760"}],"curies":[{"name":"wp","href":"https:\/\/api.w.org\/{rel}","templated":true}]}}