{"id":9786,"date":"2026-02-25T06:16:34","date_gmt":"2026-02-25T09:16:34","guid":{"rendered":"https:\/\/cafecommessias.com.br\/?p=9786"},"modified":"2026-02-25T07:06:42","modified_gmt":"2026-02-25T10:06:42","slug":"governo-do-rn-anuncia-nomeacao-de-161-novos-policiais-civis-e-reforca-investimentos-historicos-na-seguranca-publica","status":"publish","type":"post","link":"https:\/\/cafecommessias.com.br\/?p=9786","title":{"rendered":"Governo do RN anuncia nomea\u00e7\u00e3o de 161 novos policiais civis e refor\u00e7a investimentos hist\u00f3ricos na seguran\u00e7a p\u00fablica"},"content":{"rendered":"\n<p>O Governo do Estado do Rio Grande do Norte anunciou, nesta ter\u00e7a-feira (24), a nomea\u00e7\u00e3o de 161 novos policiais civis, concluintes do Curso de Forma\u00e7\u00e3o Profissional, homologado no dia 23 de fevereiro de 2026.<\/p>\n\n\n\n<p>Do total, s\u00e3o 119 agentes de pol\u00edcia civil, 23 delegados e 19 escriv\u00e3es. A conclus\u00e3o da terceira turma ocorreu em 9 de fevereiro de 2026, marcando mais uma etapa no processo de recomposi\u00e7\u00e3o do efetivo da Pol\u00edcia Civil.<\/p>\n\n\n\n<p>Em 2019, a Pol\u00edcia Civil do RN contava com 1.251 policiais. No atual governo, j\u00e1 foram nomeados 905 novos policiais civis, o que representa uma renova\u00e7\u00e3o equivalente a aproximadamente 80% do efetivo existente \u00e0 \u00e9poca. Somente nos \u00faltimos anos, foram nomeados 360 policiais civis em 2022, outros 384 em 2024 e, agora, mais 161 em 2026.<\/p>\n\n\n\n<p>As convoca\u00e7\u00f5es ocorreram dentro dos limites da Lei de Responsabilidade Fiscal, com atualiza\u00e7\u00e3o de vagas decorrentes de vac\u00e2ncias, aposentadorias e outras formas legais de reposi\u00e7\u00e3o.<\/p>\n\n\n\n<p>A governadora destacou que fortalecer a seguran\u00e7a p\u00fablica \u00e9 investir em estrutura e valoriza\u00e7\u00e3o profissional, ressaltando que o governo vem realizando um trabalho s\u00e9rio, com compromisso e responsabilidade.<\/p>\n\n\n\n<p>\u201cA nomea\u00e7\u00e3o desses 161 novos policiais civis reafirma o nosso compromisso com a seguran\u00e7a p\u00fablica do Rio Grande do Norte. Estamos reconstruindo e fortalecendo a Pol\u00edcia Civil com responsabilidade fiscal, planejamento e valoriza\u00e7\u00e3o profissional. S\u00e3o investimentos hist\u00f3ricos em estrutura, tecnologia e recursos humanos, porque entendemos que proteger a popula\u00e7\u00e3o \u00e9 prioridade absoluta do nosso governo. Seguiremos trabalhando para garantir institui\u00e7\u00f5es cada vez mais fortes e uma seguran\u00e7a p\u00fablica mais eficiente para todos os potiguares\u201d, destacou.<\/p>\n\n\n<div class=\"wp-block-post-author\"><div class=\"wp-block-post-author__avatar\"><img alt='' src='https:\/\/secure.gravatar.com\/avatar\/a62bcf199877d37056dc55ccc32b6decbd05abb46ce616ef4c38b16491e4d91d?s=48&#038;r=g' srcset='https:\/\/secure.gravatar.com\/avatar\/a62bcf199877d37056dc55ccc32b6decbd05abb46ce616ef4c38b16491e4d91d?s=96&#038;r=g 2x' class='avatar avatar-48 photo' height='48' width='48' \/><\/div><div class=\"wp-block-post-author__content\"><p class=\"wp-block-post-author__name\">Blogcafecommessias<\/p><\/div><\/div>","protected":false},"excerpt":{"rendered":"<p>O Governo do Estado do Rio Grande do Norte anunciou, nesta ter\u00e7a-feira (24), a nomea\u00e7\u00e3o de 161 novos policiais civis, concluintes do Curso de Forma\u00e7\u00e3o Profissional, homologado no dia 23 de fevereiro de 2026. Do total, s\u00e3o 119 agentes de pol\u00edcia civil, 23 delegados e 19 escriv\u00e3es. A conclus\u00e3o da terceira turma ocorreu em 9&#8230;<\/p>\n","protected":false},"author":1,"featured_media":9787,"comment_status":"open","ping_status":"closed","sticky":false,"template":"","format":"standard","meta":{"footnotes":""},"categories":[3],"tags":[],"class_list":["post-9786","post","type-post","status-publish","format-standard","has-post-thumbnail","hentry","category-geral"],"_links":{"self":[{"href":"https:\/\/cafecommessias.com.br\/index.php?rest_route=\/wp\/v2\/posts\/9786","targetHints":{"allow":["GET"]}}],"collection":[{"href":"https:\/\/cafecommessias.com.br\/index.php?rest_route=\/wp\/v2\/posts"}],"about":[{"href":"https:\/\/cafecommessias.com.br\/index.php?rest_route=\/wp\/v2\/types\/post"}],"author":[{"embeddable":true,"href":"https:\/\/cafecommessias.com.br\/index.php?rest_route=\/wp\/v2\/users\/1"}],"replies":[{"embeddable":true,"href":"https:\/\/cafecommessias.com.br\/index.php?rest_route=%2Fwp%2Fv2%2Fcomments&post=9786"}],"version-history":[{"count":2,"href":"https:\/\/cafecommessias.com.br\/index.php?rest_route=\/wp\/v2\/posts\/9786\/revisions"}],"predecessor-version":[{"id":9799,"href":"https:\/\/cafecommessias.com.br\/index.php?rest_route=\/wp\/v2\/posts\/9786\/revisions\/9799"}],"wp:featuredmedia":[{"embeddable":true,"href":"https:\/\/cafecommessias.com.br\/index.php?rest_route=\/wp\/v2\/media\/9787"}],"wp:attachment":[{"href":"https:\/\/cafecommessias.com.br\/index.php?rest_route=%2Fwp%2Fv2%2Fmedia&parent=9786"}],"wp:term":[{"taxonomy":"category","embeddable":true,"href":"https:\/\/cafecommessias.com.br\/index.php?rest_route=%2Fwp%2Fv2%2Fcategories&post=9786"},{"taxonomy":"post_tag","embeddable":true,"href":"https:\/\/cafecommessias.com.br\/index.php?rest_route=%2Fwp%2Fv2%2Ftags&post=9786"}],"curies":[{"name":"wp","href":"https:\/\/api.w.org\/{rel}","templated":true}]}}