{"id":9800,"date":"2026-02-25T07:09:05","date_gmt":"2026-02-25T10:09:05","guid":{"rendered":"https:\/\/cafecommessias.com.br\/?p=9800"},"modified":"2026-02-25T07:09:19","modified_gmt":"2026-02-25T10:09:19","slug":"sob-suspeita-de-tortura-operacao-investiga-supostos-abusos-em-clinica-de-reabilitacao-no-rn","status":"publish","type":"post","link":"https:\/\/cafecommessias.com.br\/?p=9800","title":{"rendered":"Sob suspeita de tortura, opera\u00e7\u00e3o investiga supostos abusos em cl\u00ednica de reabilita\u00e7\u00e3o no RN"},"content":{"rendered":"\n<p>O&nbsp;Minist\u00e9rio P\u00fablico do Rio Grande do Norte&nbsp;deflagrou, nesta quarta-feira (25), a Opera\u00e7\u00e3o Cuidado Velado para apurar den\u00fancias de viola\u00e7\u00f5es de direitos humanos em uma cl\u00ednica de reabilita\u00e7\u00e3o no estado. Segundo as investiga\u00e7\u00f5es, as apura\u00e7\u00f5es apontam um quadro sist\u00eamico de abusos que estariam sendo cometidos sob a fachada de tratamento terap\u00eautico.<\/p>\n\n\n\n<p>De acordo com o MPRN, v\u00edtimas e familiares relataram casos de isolamento social for\u00e7ado, agress\u00f5es f\u00edsicas e psicol\u00f3gicas, al\u00e9m de poss\u00edveis situa\u00e7\u00f5es de c\u00e1rcere privado. A investiga\u00e7\u00e3o apura crimes como associa\u00e7\u00e3o criminosa, maus-tratos, tortura e priva\u00e7\u00e3o ilegal de liberdade.<\/p>\n\n\n\n<p>A opera\u00e7\u00e3o tem como objetivo desarticular o grupo respons\u00e1vel pela administra\u00e7\u00e3o do estabelecimento. Durante a a\u00e7\u00e3o, o&nbsp;Grupo de Atua\u00e7\u00e3o Especial de Combate ao Crime Organizado&nbsp;(Gaeco\/MPRN), com apoio das for\u00e7as de seguran\u00e7a, realiza a apreens\u00e3o de materiais considerados fundamentais para o inqu\u00e9rito, como prontu\u00e1rios m\u00e9dicos e fichas de admiss\u00e3o de pacientes.<\/p>\n\n\n\n<p>O material recolhido ser\u00e1 analisado para aprofundar as apura\u00e7\u00f5es e verificar a extens\u00e3o das irregularidades. O Minist\u00e9rio P\u00fablico n\u00e3o informou, at\u00e9 o momento, se houve pris\u00f5es na opera\u00e7\u00e3o.<\/p>\n","protected":false},"excerpt":{"rendered":"<p>O&nbsp;Minist\u00e9rio P\u00fablico do Rio Grande do Norte&nbsp;deflagrou, nesta quarta-feira (25), a Opera\u00e7\u00e3o Cuidado Velado para apurar den\u00fancias de viola\u00e7\u00f5es de direitos humanos em uma cl\u00ednica de reabilita\u00e7\u00e3o no estado. Segundo as investiga\u00e7\u00f5es, as apura\u00e7\u00f5es apontam um quadro sist\u00eamico de abusos que estariam sendo cometidos sob a fachada de tratamento terap\u00eautico. De acordo com o MPRN,&#8230;<\/p>\n","protected":false},"author":1,"featured_media":9801,"comment_status":"open","ping_status":"closed","sticky":false,"template":"","format":"standard","meta":{"footnotes":""},"categories":[3],"tags":[],"class_list":["post-9800","post","type-post","status-publish","format-standard","has-post-thumbnail","hentry","category-geral"],"_links":{"self":[{"href":"https:\/\/cafecommessias.com.br\/index.php?rest_route=\/wp\/v2\/posts\/9800","targetHints":{"allow":["GET"]}}],"collection":[{"href":"https:\/\/cafecommessias.com.br\/index.php?rest_route=\/wp\/v2\/posts"}],"about":[{"href":"https:\/\/cafecommessias.com.br\/index.php?rest_route=\/wp\/v2\/types\/post"}],"author":[{"embeddable":true,"href":"https:\/\/cafecommessias.com.br\/index.php?rest_route=\/wp\/v2\/users\/1"}],"replies":[{"embeddable":true,"href":"https:\/\/cafecommessias.com.br\/index.php?rest_route=%2Fwp%2Fv2%2Fcomments&post=9800"}],"version-history":[{"count":1,"href":"https:\/\/cafecommessias.com.br\/index.php?rest_route=\/wp\/v2\/posts\/9800\/revisions"}],"predecessor-version":[{"id":9802,"href":"https:\/\/cafecommessias.com.br\/index.php?rest_route=\/wp\/v2\/posts\/9800\/revisions\/9802"}],"wp:featuredmedia":[{"embeddable":true,"href":"https:\/\/cafecommessias.com.br\/index.php?rest_route=\/wp\/v2\/media\/9801"}],"wp:attachment":[{"href":"https:\/\/cafecommessias.com.br\/index.php?rest_route=%2Fwp%2Fv2%2Fmedia&parent=9800"}],"wp:term":[{"taxonomy":"category","embeddable":true,"href":"https:\/\/cafecommessias.com.br\/index.php?rest_route=%2Fwp%2Fv2%2Fcategories&post=9800"},{"taxonomy":"post_tag","embeddable":true,"href":"https:\/\/cafecommessias.com.br\/index.php?rest_route=%2Fwp%2Fv2%2Ftags&post=9800"}],"curies":[{"name":"wp","href":"https:\/\/api.w.org\/{rel}","templated":true}]}}