{"id":9847,"date":"2026-02-28T08:50:38","date_gmt":"2026-02-28T11:50:38","guid":{"rendered":"https:\/\/cafecommessias.com.br\/?p=9847"},"modified":"2026-02-28T08:50:51","modified_gmt":"2026-02-28T11:50:51","slug":"whatsapp-aperta-regras-para-menores-no-brasil-e-bloqueia-exposicao-publica-de-perfis","status":"publish","type":"post","link":"https:\/\/cafecommessias.com.br\/?p=9847","title":{"rendered":"WhatsApp aperta regras para menores no Brasil e bloqueia exposi\u00e7\u00e3o p\u00fablica de perfis"},"content":{"rendered":"\n<p>O&nbsp;WhatsApp&nbsp;come\u00e7ou a liberar no Brasil novas configura\u00e7\u00f5es de privacidade voltadas a usu\u00e1rios com menos de 18 anos. A mudan\u00e7a endurece o controle sobre quem pode visualizar informa\u00e7\u00f5es do perfil, como \u201c\u00daltima vez visto\u201d, \u201cSobre\u201d e links adicionados \u00e0 conta.<\/p>\n\n\n\n<p>Com a atualiza\u00e7\u00e3o, adolescentes n\u00e3o poder\u00e3o mais deixar essas op\u00e7\u00f5es configuradas como \u201cTodos\u201d. Agora, ficam dispon\u00edveis apenas \u201cNingu\u00e9m\u201d, \u201cMeus contatos\u201d ou \u201cMeus contatos, exceto\u2026\u201d. Na pr\u00e1tica, isso impede que desconhecidos tenham acesso a dados que indicam presen\u00e7a online, descri\u00e7\u00e3o pessoal ou links para outras redes sociais.<\/p>\n\n\n\n<p>Se a conta j\u00e1 estava configurada como \u201cTodos\u201d, o pr\u00f3prio aplicativo realiza a altera\u00e7\u00e3o autom\u00e1tica para \u201cMeus contatos\u201d. O usu\u00e1rio recebe um aviso informando que a mudan\u00e7a foi aplicada em conformidade com a legisla\u00e7\u00e3o brasileira, refor\u00e7ando a necessidade de prote\u00e7\u00e3o adicional para esse p\u00fablico.<\/p>\n\n\n\n<p>A iniciativa segue diretrizes do chamado ECA Digital, que estabelece que plataformas online devem adotar, por padr\u00e3o, n\u00edveis elevados de seguran\u00e7a para crian\u00e7as e adolescentes. A l\u00f3gica \u00e9 reduzir a exposi\u00e7\u00e3o e minimizar riscos como ass\u00e9dio, golpes e coleta indevida de informa\u00e7\u00f5es pessoais.<\/p>\n\n\n\n<p>A novidade foi identificada inicialmente na vers\u00e3o beta 2.26.8.7 para Android e est\u00e1 sendo liberada gradualmente. Ainda n\u00e3o h\u00e1 data oficial para a chegada \u00e0 vers\u00e3o est\u00e1vel, mas a expectativa \u00e9 que a implementa\u00e7\u00e3o para todos os usu\u00e1rios no pa\u00eds ocorra nas pr\u00f3ximas semanas.<\/p>\n\n\n\n<p><em><sub>Por  CNN<\/sub><\/em><\/p>\n\n\n\n<p><\/p>\n","protected":false},"excerpt":{"rendered":"<p>O&nbsp;WhatsApp&nbsp;come\u00e7ou a liberar no Brasil novas configura\u00e7\u00f5es de privacidade voltadas a usu\u00e1rios com menos de 18 anos. A mudan\u00e7a endurece o controle sobre quem pode visualizar informa\u00e7\u00f5es do perfil, como \u201c\u00daltima vez visto\u201d, \u201cSobre\u201d e links adicionados \u00e0 conta. Com a atualiza\u00e7\u00e3o, adolescentes n\u00e3o poder\u00e3o mais deixar essas op\u00e7\u00f5es configuradas como \u201cTodos\u201d. Agora, ficam dispon\u00edveis&#8230;<\/p>\n","protected":false},"author":1,"featured_media":9848,"comment_status":"open","ping_status":"closed","sticky":false,"template":"","format":"standard","meta":{"footnotes":""},"categories":[3],"tags":[],"class_list":["post-9847","post","type-post","status-publish","format-standard","has-post-thumbnail","hentry","category-geral"],"_links":{"self":[{"href":"https:\/\/cafecommessias.com.br\/index.php?rest_route=\/wp\/v2\/posts\/9847","targetHints":{"allow":["GET"]}}],"collection":[{"href":"https:\/\/cafecommessias.com.br\/index.php?rest_route=\/wp\/v2\/posts"}],"about":[{"href":"https:\/\/cafecommessias.com.br\/index.php?rest_route=\/wp\/v2\/types\/post"}],"author":[{"embeddable":true,"href":"https:\/\/cafecommessias.com.br\/index.php?rest_route=\/wp\/v2\/users\/1"}],"replies":[{"embeddable":true,"href":"https:\/\/cafecommessias.com.br\/index.php?rest_route=%2Fwp%2Fv2%2Fcomments&post=9847"}],"version-history":[{"count":1,"href":"https:\/\/cafecommessias.com.br\/index.php?rest_route=\/wp\/v2\/posts\/9847\/revisions"}],"predecessor-version":[{"id":9849,"href":"https:\/\/cafecommessias.com.br\/index.php?rest_route=\/wp\/v2\/posts\/9847\/revisions\/9849"}],"wp:featuredmedia":[{"embeddable":true,"href":"https:\/\/cafecommessias.com.br\/index.php?rest_route=\/wp\/v2\/media\/9848"}],"wp:attachment":[{"href":"https:\/\/cafecommessias.com.br\/index.php?rest_route=%2Fwp%2Fv2%2Fmedia&parent=9847"}],"wp:term":[{"taxonomy":"category","embeddable":true,"href":"https:\/\/cafecommessias.com.br\/index.php?rest_route=%2Fwp%2Fv2%2Fcategories&post=9847"},{"taxonomy":"post_tag","embeddable":true,"href":"https:\/\/cafecommessias.com.br\/index.php?rest_route=%2Fwp%2Fv2%2Ftags&post=9847"}],"curies":[{"name":"wp","href":"https:\/\/api.w.org\/{rel}","templated":true}]}}