{"id":9850,"date":"2026-02-28T08:52:25","date_gmt":"2026-02-28T11:52:25","guid":{"rendered":"https:\/\/cafecommessias.com.br\/?p=9850"},"modified":"2026-02-28T08:52:38","modified_gmt":"2026-02-28T11:52:38","slug":"trump-diz-que-se-da-muito-bem-com-lula-e-adoraria-recebe-lo-na-casa-branca","status":"publish","type":"post","link":"https:\/\/cafecommessias.com.br\/?p=9850","title":{"rendered":"Trump diz que \u2018se d\u00e1 muito bem\u2019 com Lula e \u2018adoraria receb\u00ea-lo\u2019 na Casa Branca"},"content":{"rendered":"\n<p>O presidente dos Estados Unidos,&nbsp;Donald Trump, afirmou nesta sexta-feira (27), na&nbsp;Casa Branca, que mant\u00e9m boa rela\u00e7\u00e3o com o presidente&nbsp;Luiz In\u00e1cio Lula da Silva&nbsp;e que \u201cadoraria receb\u00ea-lo\u201d. Ao falar com rep\u00f3rteres, o republicano n\u00e3o detalhou se j\u00e1 h\u00e1 data definida para o encontro nem quais temas estariam na pauta.<\/p>\n\n\n\n<p>A poss\u00edvel visita vem sendo discutida desde o in\u00edcio do ano. Durante viagem oficial \u00e0 Coreia do Sul, Lula afirmou que pretende tratar de interesses do Brasil, do multilateralismo e da defesa da democracia, mas tamb\u00e9m reconheceu que Trump ter\u00e1 sua pr\u00f3pria agenda. Apesar das sinaliza\u00e7\u00f5es p\u00fablicas, a reuni\u00e3o ainda n\u00e3o tem confirma\u00e7\u00e3o oficial.<\/p>\n\n\n\n<p>O encontro entre os dois l\u00edderes foi combinado em telefonema realizado em janeiro, embora as tratativas estejam em curso desde novembro do ano passado. O Pal\u00e1cio do Planalto chegou a indicar que a visita poderia ocorrer no fim de fevereiro, mas o cronograma acabou sendo ajustado e segue em negocia\u00e7\u00e3o nos bastidores.<\/p>\n\n\n\n<p>Lula e Trump tiveram o primeiro contato presencial na Assembleia Geral da&nbsp;Organiza\u00e7\u00e3o das Na\u00e7\u00f5es Unidas&nbsp;(ONU), em setembro de 2025, em conversa breve que, segundo aliados, deixou boa impress\u00e3o. Desde ent\u00e3o, voltaram a se encontrar em agenda internacional e mantiveram contatos telef\u00f4nicos.<\/p>\n\n\n\n<p>Nos bastidores, a articula\u00e7\u00e3o da visita ocorre em meio a diverg\u00eancias recentes entre os dois pa\u00edses. Integrantes do governo americano indicaram que o empres\u00e1rio e estrategista pol\u00edtico Darren Beattie foi escolhido para acompanhar a rela\u00e7\u00e3o com o Brasil \u2014 nome associado \u00e0 ala mais ideol\u00f3gica do trumpismo e cr\u00edtico do governo Lula durante a crise diplom\u00e1tica que marcou o ano passado.<\/p>\n","protected":false},"excerpt":{"rendered":"<p>O presidente dos Estados Unidos,&nbsp;Donald Trump, afirmou nesta sexta-feira (27), na&nbsp;Casa Branca, que mant\u00e9m boa rela\u00e7\u00e3o com o presidente&nbsp;Luiz In\u00e1cio Lula da Silva&nbsp;e que \u201cadoraria receb\u00ea-lo\u201d. Ao falar com rep\u00f3rteres, o republicano n\u00e3o detalhou se j\u00e1 h\u00e1 data definida para o encontro nem quais temas estariam na pauta. A poss\u00edvel visita vem sendo discutida desde&#8230;<\/p>\n","protected":false},"author":1,"featured_media":9851,"comment_status":"open","ping_status":"closed","sticky":false,"template":"","format":"standard","meta":{"footnotes":""},"categories":[3],"tags":[],"class_list":["post-9850","post","type-post","status-publish","format-standard","has-post-thumbnail","hentry","category-geral"],"_links":{"self":[{"href":"https:\/\/cafecommessias.com.br\/index.php?rest_route=\/wp\/v2\/posts\/9850","targetHints":{"allow":["GET"]}}],"collection":[{"href":"https:\/\/cafecommessias.com.br\/index.php?rest_route=\/wp\/v2\/posts"}],"about":[{"href":"https:\/\/cafecommessias.com.br\/index.php?rest_route=\/wp\/v2\/types\/post"}],"author":[{"embeddable":true,"href":"https:\/\/cafecommessias.com.br\/index.php?rest_route=\/wp\/v2\/users\/1"}],"replies":[{"embeddable":true,"href":"https:\/\/cafecommessias.com.br\/index.php?rest_route=%2Fwp%2Fv2%2Fcomments&post=9850"}],"version-history":[{"count":1,"href":"https:\/\/cafecommessias.com.br\/index.php?rest_route=\/wp\/v2\/posts\/9850\/revisions"}],"predecessor-version":[{"id":9852,"href":"https:\/\/cafecommessias.com.br\/index.php?rest_route=\/wp\/v2\/posts\/9850\/revisions\/9852"}],"wp:featuredmedia":[{"embeddable":true,"href":"https:\/\/cafecommessias.com.br\/index.php?rest_route=\/wp\/v2\/media\/9851"}],"wp:attachment":[{"href":"https:\/\/cafecommessias.com.br\/index.php?rest_route=%2Fwp%2Fv2%2Fmedia&parent=9850"}],"wp:term":[{"taxonomy":"category","embeddable":true,"href":"https:\/\/cafecommessias.com.br\/index.php?rest_route=%2Fwp%2Fv2%2Fcategories&post=9850"},{"taxonomy":"post_tag","embeddable":true,"href":"https:\/\/cafecommessias.com.br\/index.php?rest_route=%2Fwp%2Fv2%2Ftags&post=9850"}],"curies":[{"name":"wp","href":"https:\/\/api.w.org\/{rel}","templated":true}]}}