{"id":9859,"date":"2026-02-28T09:21:25","date_gmt":"2026-02-28T12:21:25","guid":{"rendered":"https:\/\/cafecommessias.com.br\/?p=9859"},"modified":"2026-02-28T09:21:47","modified_gmt":"2026-02-28T12:21:47","slug":"imagem-de-satelite-revela-destruicao-em-complexo-ligado-ao-lider-supremo-do-ira-paradeiro-de-khamenei-e-desconhecido","status":"publish","type":"post","link":"https:\/\/cafecommessias.com.br\/?p=9859","title":{"rendered":"Imagem de sat\u00e9lite revela destrui\u00e7\u00e3o em complexo ligado ao l\u00edder supremo do Ir\u00e3; paradeiro de Khamenei \u00e9 desconhecido"},"content":{"rendered":"\n<p>Imagem de sat\u00e9lite divulgadas um complexo ligado ao l\u00edder supremo do Ir\u00e3, Ali Khamenei, em Teer\u00e3, ap\u00f3s o ataque &nbsp;dos EUA e Israel neste s\u00e1bado (28). V\u00e1rios edif\u00edcios foram destru\u00eddos ou severamente atingidos ap\u00f3s o bombardeio.<\/p>\n\n\n\n<p>O local \u00e9 associado \u00e0 resid\u00eancia oficial e a fun\u00e7\u00f5es estrat\u00e9gicas do aiatol\u00e1, o que confere ao ataque forte peso simb\u00f3lico e pol\u00edtico.&nbsp;At\u00e9 o momento, o paradeiro de Khamenei segue desconhecido, e autoridades do Ir\u00e3 n\u00e3o se pronunciaram sobre sua condi\u00e7\u00e3o.<\/p>\n","protected":false},"excerpt":{"rendered":"<p>Imagem de sat\u00e9lite divulgadas um complexo ligado ao l\u00edder supremo do Ir\u00e3, Ali Khamenei, em Teer\u00e3, ap\u00f3s o ataque &nbsp;dos EUA e Israel neste s\u00e1bado (28). V\u00e1rios edif\u00edcios foram destru\u00eddos ou severamente atingidos ap\u00f3s o bombardeio. O local \u00e9 associado \u00e0 resid\u00eancia oficial e a fun\u00e7\u00f5es estrat\u00e9gicas do aiatol\u00e1, o que confere ao ataque forte&#8230;<\/p>\n","protected":false},"author":1,"featured_media":9860,"comment_status":"open","ping_status":"closed","sticky":false,"template":"","format":"standard","meta":{"footnotes":""},"categories":[3],"tags":[],"class_list":["post-9859","post","type-post","status-publish","format-standard","has-post-thumbnail","hentry","category-geral"],"_links":{"self":[{"href":"https:\/\/cafecommessias.com.br\/index.php?rest_route=\/wp\/v2\/posts\/9859","targetHints":{"allow":["GET"]}}],"collection":[{"href":"https:\/\/cafecommessias.com.br\/index.php?rest_route=\/wp\/v2\/posts"}],"about":[{"href":"https:\/\/cafecommessias.com.br\/index.php?rest_route=\/wp\/v2\/types\/post"}],"author":[{"embeddable":true,"href":"https:\/\/cafecommessias.com.br\/index.php?rest_route=\/wp\/v2\/users\/1"}],"replies":[{"embeddable":true,"href":"https:\/\/cafecommessias.com.br\/index.php?rest_route=%2Fwp%2Fv2%2Fcomments&post=9859"}],"version-history":[{"count":1,"href":"https:\/\/cafecommessias.com.br\/index.php?rest_route=\/wp\/v2\/posts\/9859\/revisions"}],"predecessor-version":[{"id":9861,"href":"https:\/\/cafecommessias.com.br\/index.php?rest_route=\/wp\/v2\/posts\/9859\/revisions\/9861"}],"wp:featuredmedia":[{"embeddable":true,"href":"https:\/\/cafecommessias.com.br\/index.php?rest_route=\/wp\/v2\/media\/9860"}],"wp:attachment":[{"href":"https:\/\/cafecommessias.com.br\/index.php?rest_route=%2Fwp%2Fv2%2Fmedia&parent=9859"}],"wp:term":[{"taxonomy":"category","embeddable":true,"href":"https:\/\/cafecommessias.com.br\/index.php?rest_route=%2Fwp%2Fv2%2Fcategories&post=9859"},{"taxonomy":"post_tag","embeddable":true,"href":"https:\/\/cafecommessias.com.br\/index.php?rest_route=%2Fwp%2Fv2%2Ftags&post=9859"}],"curies":[{"name":"wp","href":"https:\/\/api.w.org\/{rel}","templated":true}]}}