{"id":9862,"date":"2026-02-28T09:24:19","date_gmt":"2026-02-28T12:24:19","guid":{"rendered":"https:\/\/cafecommessias.com.br\/?p=9862"},"modified":"2026-02-28T09:25:04","modified_gmt":"2026-02-28T12:25:04","slug":"cpre-bprv-captura-foragido-da-justica-do-estado-do-mato-grosso-do-sul-em-natal-rn","status":"publish","type":"post","link":"https:\/\/cafecommessias.com.br\/?p=9862","title":{"rendered":"CPRE\/BPRV captura foragido da justi\u00e7a do Estado do Mato Grosso do Sul em Natal\/RN"},"content":{"rendered":"\n<p>O Comando de Policiamento Rodovi\u00e1rio Estadual (CPRE), por meio do T\u00e1tico Operacional Rodovi\u00e1rio do BPRv, registrou, na tarde desta quinta-feira (26), a captura de um advogado de 56 anos com mandado de pris\u00e3o em aberto pelo crime de apropria\u00e7\u00e3o ind\u00e9bita expedido pela 2\u00aa Vara de Execu\u00e7\u00e3o Penal -TJMS<\/p>\n\n\n\n<p>Seguran\u00e7a rodovi\u00e1ria<\/p>\n\n\n\n<p>Ele \u00e9 acusado de se apropriar integralmente de a\u00e7\u00f5es judiciais, n\u00e3o repassando os valores das causas ganhas aos clientes.<\/p>\n\n\n\n<p>A ordem de pris\u00e3o foi expedida em outubro de 2025, ocasi\u00e3o em que fugiu para a cidade de Natal, sendo localizado no bairro de Petr\u00f3polis, zona leste da cidade.&nbsp;<\/p>\n\n\n\n<p>Ele foi encaminhado \u00e0 Central de Flagrantes a fim de ser recambiado ao sistema prisional.<\/p>\n\n\n\n<p><em><sub>Por PMRN<\/sub><\/em><\/p>\n\n\n\n<p class=\"has-text-align-center\"><strong><em>PUBLICIDADE<\/em><\/strong><\/p>\n\n\n\n<figure class=\"wp-block-image size-large\"><img loading=\"lazy\" decoding=\"async\" width=\"1024\" height=\"197\" src=\"https:\/\/cafecommessias.com.br\/wp-content\/uploads\/2026\/02\/0Gov-Saude_1300x250px-1-1024x197.gif\" alt=\"\" class=\"wp-image-9548\" srcset=\"https:\/\/cafecommessias.com.br\/wp-content\/uploads\/2026\/02\/0Gov-Saude_1300x250px-1-1024x197.gif 1024w, https:\/\/cafecommessias.com.br\/wp-content\/uploads\/2026\/02\/0Gov-Saude_1300x250px-1-300x58.gif 300w, https:\/\/cafecommessias.com.br\/wp-content\/uploads\/2026\/02\/0Gov-Saude_1300x250px-1-768x148.gif 768w\" sizes=\"auto, (max-width: 1024px) 100vw, 1024px\" \/><\/figure>\n","protected":false},"excerpt":{"rendered":"<p>O Comando de Policiamento Rodovi\u00e1rio Estadual (CPRE), por meio do T\u00e1tico Operacional Rodovi\u00e1rio do BPRv, registrou, na tarde desta quinta-feira (26), a captura de um advogado de 56 anos com mandado de pris\u00e3o em aberto pelo crime de apropria\u00e7\u00e3o ind\u00e9bita expedido pela 2\u00aa Vara de Execu\u00e7\u00e3o Penal -TJMS Seguran\u00e7a rodovi\u00e1ria Ele \u00e9 acusado de se&#8230;<\/p>\n","protected":false},"author":1,"featured_media":9863,"comment_status":"open","ping_status":"closed","sticky":false,"template":"","format":"standard","meta":{"footnotes":""},"categories":[4,5],"tags":[],"class_list":["post-9862","post","type-post","status-publish","format-standard","has-post-thumbnail","hentry","category-anuncie-aqui","category-policia"],"_links":{"self":[{"href":"https:\/\/cafecommessias.com.br\/index.php?rest_route=\/wp\/v2\/posts\/9862","targetHints":{"allow":["GET"]}}],"collection":[{"href":"https:\/\/cafecommessias.com.br\/index.php?rest_route=\/wp\/v2\/posts"}],"about":[{"href":"https:\/\/cafecommessias.com.br\/index.php?rest_route=\/wp\/v2\/types\/post"}],"author":[{"embeddable":true,"href":"https:\/\/cafecommessias.com.br\/index.php?rest_route=\/wp\/v2\/users\/1"}],"replies":[{"embeddable":true,"href":"https:\/\/cafecommessias.com.br\/index.php?rest_route=%2Fwp%2Fv2%2Fcomments&post=9862"}],"version-history":[{"count":2,"href":"https:\/\/cafecommessias.com.br\/index.php?rest_route=\/wp\/v2\/posts\/9862\/revisions"}],"predecessor-version":[{"id":9865,"href":"https:\/\/cafecommessias.com.br\/index.php?rest_route=\/wp\/v2\/posts\/9862\/revisions\/9865"}],"wp:featuredmedia":[{"embeddable":true,"href":"https:\/\/cafecommessias.com.br\/index.php?rest_route=\/wp\/v2\/media\/9863"}],"wp:attachment":[{"href":"https:\/\/cafecommessias.com.br\/index.php?rest_route=%2Fwp%2Fv2%2Fmedia&parent=9862"}],"wp:term":[{"taxonomy":"category","embeddable":true,"href":"https:\/\/cafecommessias.com.br\/index.php?rest_route=%2Fwp%2Fv2%2Fcategories&post=9862"},{"taxonomy":"post_tag","embeddable":true,"href":"https:\/\/cafecommessias.com.br\/index.php?rest_route=%2Fwp%2Fv2%2Ftags&post=9862"}],"curies":[{"name":"wp","href":"https:\/\/api.w.org\/{rel}","templated":true}]}}