{"id":9872,"date":"2026-02-28T09:46:48","date_gmt":"2026-02-28T12:46:48","guid":{"rendered":"https:\/\/cafecommessias.com.br\/?p=9872"},"modified":"2026-02-28T09:48:00","modified_gmt":"2026-02-28T12:48:00","slug":"com-emendas-de-zenaide-mapa-entrega-tratores-para-touros-e-sao-goncalo-do-amarante","status":"publish","type":"post","link":"https:\/\/cafecommessias.com.br\/?p=9872","title":{"rendered":"Com emendas de Zenaide, MAPA entrega tratores para Touros e S\u00e3o Gon\u00e7alo do Amarante"},"content":{"rendered":"\n<p>O Minist\u00e9rio da Agricultura e Pecu\u00e1ria (MAPA), por meio da sua Superintend\u00eancia no Rio Grande do Norte, realizou na \u00faltima quarta-feira a entrega t\u00e9cnica de dois tratores novos e cabinados para os munic\u00edpios de Touros e S\u00e3o Gon\u00e7alo do Amarante.<\/p>\n\n\n\n<p>Os equipamentos ir\u00e3o fortalecer o trabalho dos agricultores e agricultoras das duas cidades, garantindo mais efici\u00eancia, seguran\u00e7a e melhores condi\u00e7\u00f5es para o desenvolvimento das atividades no campo.<\/p>\n\n\n\n<p>Participaram da cerim\u00f4nia de entrega o superintendente Neto da Emater, al\u00e9m dos representantes das secretarias municipais de Agricultura dos munic\u00edpios contemplados: \u00c1lvaro Fran\u00e7a, de Touros, e Jos\u00e9 Marconi, de S\u00e3o Gon\u00e7alo do Amarante.<\/p>\n\n\n\n<p>Os tratores s\u00e3o oriundos de emendas parlamentares destinadas pela senadora Zenaide Maia (PSD) junto ao Minist\u00e9rio da Agricultura e Pecu\u00e1ria. A iniciativa refor\u00e7a o compromisso com o fortalecimento da agricultura familiar e o apoio ao homem e \u00e0 mulher do campo, promovendo desenvolvimento e gera\u00e7\u00e3o de renda nos munic\u00edpios beneficiados.<\/p>\n\n\n<div class=\"wp-block-post-author\"><div class=\"wp-block-post-author__avatar\"><img alt='' src='https:\/\/secure.gravatar.com\/avatar\/a62bcf199877d37056dc55ccc32b6decbd05abb46ce616ef4c38b16491e4d91d?s=48&#038;r=g' srcset='https:\/\/secure.gravatar.com\/avatar\/a62bcf199877d37056dc55ccc32b6decbd05abb46ce616ef4c38b16491e4d91d?s=96&#038;r=g 2x' class='avatar avatar-48 photo' height='48' width='48' \/><\/div><div class=\"wp-block-post-author__content\"><p class=\"wp-block-post-author__name\">Blogcafecommessias<\/p><\/div><\/div>\n\n\n<p class=\"has-text-align-center\"><strong><em>PUBLICIDADE<\/em><\/strong><\/p>\n\n\n\n<figure class=\"wp-block-image size-large\"><img loading=\"lazy\" decoding=\"async\" width=\"1024\" height=\"158\" src=\"https:\/\/cafecommessias.com.br\/wp-content\/uploads\/2026\/02\/Banner-1-ANO-1300x200px-1024x158.png\" alt=\"\" class=\"wp-image-9568\" srcset=\"https:\/\/cafecommessias.com.br\/wp-content\/uploads\/2026\/02\/Banner-1-ANO-1300x200px-1024x158.png 1024w, https:\/\/cafecommessias.com.br\/wp-content\/uploads\/2026\/02\/Banner-1-ANO-1300x200px-300x46.png 300w, https:\/\/cafecommessias.com.br\/wp-content\/uploads\/2026\/02\/Banner-1-ANO-1300x200px-768x118.png 768w, https:\/\/cafecommessias.com.br\/wp-content\/uploads\/2026\/02\/Banner-1-ANO-1300x200px.png 1300w\" sizes=\"auto, (max-width: 1024px) 100vw, 1024px\" \/><\/figure>\n","protected":false},"excerpt":{"rendered":"<p>O Minist\u00e9rio da Agricultura e Pecu\u00e1ria (MAPA), por meio da sua Superintend\u00eancia no Rio Grande do Norte, realizou na \u00faltima quarta-feira a entrega t\u00e9cnica de dois tratores novos e cabinados para os munic\u00edpios de Touros e S\u00e3o Gon\u00e7alo do Amarante. Os equipamentos ir\u00e3o fortalecer o trabalho dos agricultores e agricultoras das duas cidades, garantindo mais&#8230;<\/p>\n","protected":false},"author":1,"featured_media":9873,"comment_status":"open","ping_status":"closed","sticky":false,"template":"","format":"standard","meta":{"footnotes":""},"categories":[4,8],"tags":[],"class_list":["post-9872","post","type-post","status-publish","format-standard","has-post-thumbnail","hentry","category-anuncie-aqui","category-cidades"],"_links":{"self":[{"href":"https:\/\/cafecommessias.com.br\/index.php?rest_route=\/wp\/v2\/posts\/9872","targetHints":{"allow":["GET"]}}],"collection":[{"href":"https:\/\/cafecommessias.com.br\/index.php?rest_route=\/wp\/v2\/posts"}],"about":[{"href":"https:\/\/cafecommessias.com.br\/index.php?rest_route=\/wp\/v2\/types\/post"}],"author":[{"embeddable":true,"href":"https:\/\/cafecommessias.com.br\/index.php?rest_route=\/wp\/v2\/users\/1"}],"replies":[{"embeddable":true,"href":"https:\/\/cafecommessias.com.br\/index.php?rest_route=%2Fwp%2Fv2%2Fcomments&post=9872"}],"version-history":[{"count":2,"href":"https:\/\/cafecommessias.com.br\/index.php?rest_route=\/wp\/v2\/posts\/9872\/revisions"}],"predecessor-version":[{"id":9875,"href":"https:\/\/cafecommessias.com.br\/index.php?rest_route=\/wp\/v2\/posts\/9872\/revisions\/9875"}],"wp:featuredmedia":[{"embeddable":true,"href":"https:\/\/cafecommessias.com.br\/index.php?rest_route=\/wp\/v2\/media\/9873"}],"wp:attachment":[{"href":"https:\/\/cafecommessias.com.br\/index.php?rest_route=%2Fwp%2Fv2%2Fmedia&parent=9872"}],"wp:term":[{"taxonomy":"category","embeddable":true,"href":"https:\/\/cafecommessias.com.br\/index.php?rest_route=%2Fwp%2Fv2%2Fcategories&post=9872"},{"taxonomy":"post_tag","embeddable":true,"href":"https:\/\/cafecommessias.com.br\/index.php?rest_route=%2Fwp%2Fv2%2Ftags&post=9872"}],"curies":[{"name":"wp","href":"https:\/\/api.w.org\/{rel}","templated":true}]}}