{"id":9885,"date":"2026-02-28T17:23:48","date_gmt":"2026-02-28T20:23:48","guid":{"rendered":"https:\/\/cafecommessias.com.br\/?p=9885"},"modified":"2026-02-28T17:24:01","modified_gmt":"2026-02-28T20:24:01","slug":"ifrn-afasta-professor-por-60-dias-para-apurar-denuncia-de-assedio-sexual","status":"publish","type":"post","link":"https:\/\/cafecommessias.com.br\/?p=9885","title":{"rendered":"IFRN afasta professor por 60 dias para apurar den\u00fancia de ass\u00e9dio sexual"},"content":{"rendered":"\n<p>O Instituto Federal do Rio Grande do Norte (IFRN) determinou o afastamento preventivo de um professor do Campus Central, em Natal, por 60 dias, para apurar den\u00fancias de suposto ass\u00e9dio sexual. A medida foi oficializada por portaria publicada nesta semana.<\/p>\n\n\n\n<p>O docente Charles C\u00e9sar Magno de Freitas ser\u00e1 investigado por meio de um Processo Administrativo Disciplinar (PAD). A medida foi oficializada por meio da Portaria n\u00ba 428\/2026 \u2013 RE\/IFRN, publicada em 24 de fevereiro de 2026. Segundo o instituto, a apura\u00e7\u00e3o seguir\u00e1 a Pol\u00edtica de Enfrentamento ao Ass\u00e9dio e outras Viol\u00eancias, com atua\u00e7\u00e3o de equipe multidisciplinar.<\/p>\n\n\n\n<p>Em nota, o IFRN afirmou que trata todas as den\u00fancias com seriedade, respeito ao devido processo legal e aten\u00e7\u00e3o \u00e0 prote\u00e7\u00e3o da comunidade acad\u00eamica. O teor da den\u00fancia n\u00e3o foi informado. O afastamento passa a valer a partir de mar\u00e7o, in\u00edcio do semestre letivo de 2026.<\/p>\n\n\n\n<p>O professor declarou ao&nbsp;<a href=\"https:\/\/blogdodina.com\/ifrn-afasta-professor-por-60-dias-apos-denuncias\/\">Blog do Dina<\/a>&nbsp;que o afastamento \u00e9 exclusivamente preventivo e n\u00e3o configura puni\u00e7\u00e3o ou conclus\u00e3o antecipada. Segundo ele, as alega\u00e7\u00f5es j\u00e1 foram submetidas a apura\u00e7\u00e3o preliminar com realiza\u00e7\u00e3o de oitivas, \u201c<em>n\u00e3o tendo sido identificada, at\u00e9 o momento, irregularidade que comprometa minha atua\u00e7\u00e3o profissional\u201d<\/em>.&nbsp;O docente tamb\u00e9m afirmou confiar que os fatos ser\u00e3o esclarecidos ao final do processo.<\/p>\n\n\n\n<p><em><sub>Por Blog do Dina<\/sub><\/em><\/p>\n\n\n\n<p><\/p>\n","protected":false},"excerpt":{"rendered":"<p>O Instituto Federal do Rio Grande do Norte (IFRN) determinou o afastamento preventivo de um professor do Campus Central, em Natal, por 60 dias, para apurar den\u00fancias de suposto ass\u00e9dio sexual. A medida foi oficializada por portaria publicada nesta semana. O docente Charles C\u00e9sar Magno de Freitas ser\u00e1 investigado por meio de um Processo Administrativo&#8230;<\/p>\n","protected":false},"author":1,"featured_media":9886,"comment_status":"open","ping_status":"closed","sticky":false,"template":"","format":"standard","meta":{"footnotes":""},"categories":[3],"tags":[],"class_list":["post-9885","post","type-post","status-publish","format-standard","has-post-thumbnail","hentry","category-geral"],"_links":{"self":[{"href":"https:\/\/cafecommessias.com.br\/index.php?rest_route=\/wp\/v2\/posts\/9885","targetHints":{"allow":["GET"]}}],"collection":[{"href":"https:\/\/cafecommessias.com.br\/index.php?rest_route=\/wp\/v2\/posts"}],"about":[{"href":"https:\/\/cafecommessias.com.br\/index.php?rest_route=\/wp\/v2\/types\/post"}],"author":[{"embeddable":true,"href":"https:\/\/cafecommessias.com.br\/index.php?rest_route=\/wp\/v2\/users\/1"}],"replies":[{"embeddable":true,"href":"https:\/\/cafecommessias.com.br\/index.php?rest_route=%2Fwp%2Fv2%2Fcomments&post=9885"}],"version-history":[{"count":1,"href":"https:\/\/cafecommessias.com.br\/index.php?rest_route=\/wp\/v2\/posts\/9885\/revisions"}],"predecessor-version":[{"id":9887,"href":"https:\/\/cafecommessias.com.br\/index.php?rest_route=\/wp\/v2\/posts\/9885\/revisions\/9887"}],"wp:featuredmedia":[{"embeddable":true,"href":"https:\/\/cafecommessias.com.br\/index.php?rest_route=\/wp\/v2\/media\/9886"}],"wp:attachment":[{"href":"https:\/\/cafecommessias.com.br\/index.php?rest_route=%2Fwp%2Fv2%2Fmedia&parent=9885"}],"wp:term":[{"taxonomy":"category","embeddable":true,"href":"https:\/\/cafecommessias.com.br\/index.php?rest_route=%2Fwp%2Fv2%2Fcategories&post=9885"},{"taxonomy":"post_tag","embeddable":true,"href":"https:\/\/cafecommessias.com.br\/index.php?rest_route=%2Fwp%2Fv2%2Ftags&post=9885"}],"curies":[{"name":"wp","href":"https:\/\/api.w.org\/{rel}","templated":true}]}}