{"id":9888,"date":"2026-02-28T17:26:40","date_gmt":"2026-02-28T20:26:40","guid":{"rendered":"https:\/\/cafecommessias.com.br\/?p=9888"},"modified":"2026-02-28T17:27:02","modified_gmt":"2026-02-28T20:27:02","slug":"video-exercito-de-israel-divulga-imagens-de-ataques-no-ira","status":"publish","type":"post","link":"https:\/\/cafecommessias.com.br\/?p=9888","title":{"rendered":"V\u00cdDEO: Ex\u00e9rcito de Israel divulga imagens de ataques no Ir\u00e3"},"content":{"rendered":"\n<figure class=\"wp-block-embed is-type-rich is-provider-twitter wp-block-embed-twitter\"><div class=\"wp-block-embed__wrapper\">\n<blockquote class=\"twitter-tweet\" data-width=\"550\" data-dnt=\"true\"><p lang=\"pt\" dir=\"ltr\">V\u00cdDEO: Ex\u00e9rcito de Israel divulga imagens de ataques no Ir\u00e3. <a href=\"https:\/\/t.co\/hE44bveLwj\">https:\/\/t.co\/hE44bveLwj<\/a> <a href=\"https:\/\/t.co\/DSXG8T8O6k\">pic.twitter.com\/DSXG8T8O6k<\/a><\/p>&mdash; BLOGDOBG (@BlogdoBG) <a href=\"https:\/\/twitter.com\/BlogdoBG\/status\/2027739343691882874?ref_src=twsrc%5Etfw\">February 28, 2026<\/a><\/blockquote><script async src=\"https:\/\/platform.twitter.com\/widgets.js\" charset=\"utf-8\"><\/script>\n<\/div><\/figure>\n\n\n\n<p>O ex\u00e9rcito de Israel divulgou um v\u00eddeo que mostra ataques ao Ir\u00e3 que ocorreram neste s\u00e1bado (28), em a\u00e7\u00e3o conjunta com os Estados Unidos.&nbsp;Segundo as For\u00e7as de Defesa israelenses, alvos militares foram atingidos no oeste do Ir\u00e3.<\/p>\n\n\n\n<p>A ofensiva ocorreu em a\u00e7\u00e3o coordenada entre Israel e os Estados Unidos na madrugada de s\u00e1bado, com explos\u00f5es registradas em Teer\u00e3 e em ao menos outras quatro cidades. Em resposta, o Ir\u00e3 lan\u00e7ou m\u00edsseis contra Israel e atacou bases americanas no Oriente M\u00e9dio.<\/p>\n\n\n\n<p>Autoridades israelenses afirmam que o l\u00edder supremo iraniano,&nbsp;Ali Khamenei, e o presidente&nbsp;Masoud Pezeshkian&nbsp;estavam entre os alvos, mas o resultado da opera\u00e7\u00e3o ainda n\u00e3o \u00e9 conhecido. Segundo a&nbsp;Reuters, Khamenei n\u00e3o estaria em Teer\u00e3 no momento do ataque. J\u00e1 a ag\u00eancia estatal iraniana informou que Pezeshkian est\u00e1 em seguran\u00e7a.<\/p>\n","protected":false},"excerpt":{"rendered":"<p>O ex\u00e9rcito de Israel divulgou um v\u00eddeo que mostra ataques ao Ir\u00e3 que ocorreram neste s\u00e1bado (28), em a\u00e7\u00e3o conjunta com os Estados Unidos.&nbsp;Segundo as For\u00e7as de Defesa israelenses, alvos militares foram atingidos no oeste do Ir\u00e3. A ofensiva ocorreu em a\u00e7\u00e3o coordenada entre Israel e os Estados Unidos na madrugada de s\u00e1bado, com explos\u00f5es&#8230;<\/p>\n","protected":false},"author":1,"featured_media":9889,"comment_status":"open","ping_status":"closed","sticky":false,"template":"","format":"standard","meta":{"footnotes":""},"categories":[2],"tags":[],"class_list":["post-9888","post","type-post","status-publish","format-standard","has-post-thumbnail","hentry","category-internacional"],"_links":{"self":[{"href":"https:\/\/cafecommessias.com.br\/index.php?rest_route=\/wp\/v2\/posts\/9888","targetHints":{"allow":["GET"]}}],"collection":[{"href":"https:\/\/cafecommessias.com.br\/index.php?rest_route=\/wp\/v2\/posts"}],"about":[{"href":"https:\/\/cafecommessias.com.br\/index.php?rest_route=\/wp\/v2\/types\/post"}],"author":[{"embeddable":true,"href":"https:\/\/cafecommessias.com.br\/index.php?rest_route=\/wp\/v2\/users\/1"}],"replies":[{"embeddable":true,"href":"https:\/\/cafecommessias.com.br\/index.php?rest_route=%2Fwp%2Fv2%2Fcomments&post=9888"}],"version-history":[{"count":1,"href":"https:\/\/cafecommessias.com.br\/index.php?rest_route=\/wp\/v2\/posts\/9888\/revisions"}],"predecessor-version":[{"id":9890,"href":"https:\/\/cafecommessias.com.br\/index.php?rest_route=\/wp\/v2\/posts\/9888\/revisions\/9890"}],"wp:featuredmedia":[{"embeddable":true,"href":"https:\/\/cafecommessias.com.br\/index.php?rest_route=\/wp\/v2\/media\/9889"}],"wp:attachment":[{"href":"https:\/\/cafecommessias.com.br\/index.php?rest_route=%2Fwp%2Fv2%2Fmedia&parent=9888"}],"wp:term":[{"taxonomy":"category","embeddable":true,"href":"https:\/\/cafecommessias.com.br\/index.php?rest_route=%2Fwp%2Fv2%2Fcategories&post=9888"},{"taxonomy":"post_tag","embeddable":true,"href":"https:\/\/cafecommessias.com.br\/index.php?rest_route=%2Fwp%2Fv2%2Ftags&post=9888"}],"curies":[{"name":"wp","href":"https:\/\/api.w.org\/{rel}","templated":true}]}}