{"id":9906,"date":"2026-03-02T20:57:00","date_gmt":"2026-03-02T23:57:00","guid":{"rendered":"https:\/\/cafecommessias.com.br\/?p=9906"},"modified":"2026-03-03T00:58:56","modified_gmt":"2026-03-03T03:58:56","slug":"baba-antecipa-saida-para-tentar-eleicao-como-vice-governador","status":"publish","type":"post","link":"https:\/\/cafecommessias.com.br\/?p=9906","title":{"rendered":"Bab\u00e1 antecipa sa\u00edda para tentar elei\u00e7\u00e3o como vice-governador"},"content":{"rendered":"\n<p>Pr\u00e9-candidato a vice-governador, o presidente da Federa\u00e7\u00e3o dos Munic\u00edpios Rio Grande do Norte (Femurn), Anteomar Pereira da Silva, o \u201cBab\u00e1\u201d, antecipa em 30 dias sua desincompatibiliza\u00e7\u00e3o para disputar as elei\u00e7\u00f5es majorit\u00e1rias em outubro deste ano, transmitindo o cargo na quarta-feira (4) para o primeiro vice-presidente Jos\u00e9 Augusto de Freitas Rego, que \u00e9 prefeito pela legenda do Uni\u00e3o Brasil em Portalegre, na regi\u00e3o Oeste do Estado.<br>Al\u00e9m do crit\u00e9rio pol\u00edtico, \u201cBab\u00e1\u201d Pereira decidiu deixar a presid\u00eancia da Femurn antes de 4 de abril, \u00faltimo dia do prazo previsto no rito judicial eleitoral, por quest\u00e3o \u00e9tica \u2013 considera \u201cincompat\u00edvel o exerc\u00edcio do cargo\u201d numa institui\u00e7\u00e3o que conta com 167 munic\u00edpios associados, cujos prefeitos s\u00e3o filiados a partidos de diversas matizes pol\u00edticas.<br>\u201cEu posso chegar em um munic\u00edpio, e isso vai ocorrer naturalmente, onde o gestor esteja de um lado e eu vou estar do outro. Ent\u00e3o n\u00e3o \u00e9 justo estar representando o gestor e estar tamb\u00e9m fazendo pol\u00edtica contra ele na sua cidade\u201d, justifica Bab\u00e1, que \u00e9 filiado ao Partido Liberal (PL) e pr\u00e9-candidato a vice-governador na chapa a ser liderada pelo ex-prefeito de Natal, \u00c1lvaro Dias, do partido Republicanos.<br>Bab\u00e1 ainda diz que o seu sucessor na Femurn, \u201c\u00e9 um municipalista nato, muito bem avaliado no seu munic\u00edpio\u201d, com aprova\u00e7\u00e3o do mandato que passa dos 90%.<br>A solenidade de posse do novo presidente da Femurn, Z\u00e9 Augusto, como \u00e9 conhecido, ocorrer\u00e1 a partir das 9h30 de amanh\u00e3, no Hotel Senac Barreira Roxa, na Via Costeira, em Natal, conforme edital de convoca\u00e7\u00e3o publicado em edi\u00e7\u00e3o extra do \u201cDi\u00e1rio Oficial dos Munic\u00edpios\u201d da na edi\u00e7\u00e3o de 25 de fevereiro.<br>De acordo com o edital, a assembleia geral da Femurn ser\u00e1 iniciada com a participa\u00e7\u00e3o de 50% mais um dos filiados, caso isso n\u00e3o ocorra, em segunda convoca\u00e7\u00e3o exige-se a participa\u00e7\u00e3o de 1\/3 dos prefeitos. A persistir falta de qu\u00f3rum, a assembleia come\u00e7a com qualquer n\u00famero de participantes.<br>Z\u00e9 Augusto exercer\u00e1 o mandato de presidente da Femurn at\u00e9 dezembro de 2026. Engenheiro civil diplomado em 1983, \u00e9 p\u00f3s-graduado em Engenharia Diagn\u00f3stica, especialidade que refor\u00e7a sua atua\u00e7\u00e3o em per\u00edcias e avalia\u00e7\u00f5es ao longo de quatro d\u00e9cadas de carreira.<br>Antes de se eleger para dois mandatos de prefeito em Portalegre, Z\u00e9 Augusto exerceu outros cargos p\u00fablicos, foi subcoordenador de Obras da Secretaria Estadual de Infraestrutura, Coordenador Estadual da Defesa Civil, atuou tamb\u00e9m como secret\u00e1rio municipal de Finan\u00e7as em Almino Afonso, na regi\u00e3o Oeste e foi gerente de Servi\u00e7os T\u00e9cnicos da Assembleia Legislativa.<br>Ainda atuou como conselheiro, presidente da Comiss\u00e3o de \u00c9tica e vice-presidente do Conselho Regional de Engenharia (Crea-RN), presidiu o Instituto Brasileiro de Avalia\u00e7\u00f5es e Per\u00edcias de Engenharia Do Rio Grande do Norte (Ibape-RN), foi presidente do Cons\u00f3rcio Intermunicipal Multifinalit\u00e1rio do Oeste Potiguar (Cimop) e integra a diretoria da Associa\u00e7\u00e3o dos Munic\u00edpios do Oeste Potiguar (AMOP).<br>Na vida pol\u00edtica, ap\u00f3s dois mandatos como vereador em Portalegre, foi eleito prefeito em 2020 e reeleito em 2024, quando obteve 71,74% dos votos (4.316) v\u00e1lidos.<\/p>\n\n\n\n<figure class=\"wp-block-image size-large\"><img decoding=\"async\" src=\"https:\/\/cafecommessias.com.br\/wp-content\/uploads\/2026\/03\/Banner_Seguranca_Transformada_1300x250px-1.gif\" alt=\"\"\/><\/figure>\n\n\n<div class=\"wp-block-post-author\"><div class=\"wp-block-post-author__avatar\"><img alt='' src='https:\/\/secure.gravatar.com\/avatar\/a62bcf199877d37056dc55ccc32b6decbd05abb46ce616ef4c38b16491e4d91d?s=48&#038;r=g' srcset='https:\/\/secure.gravatar.com\/avatar\/a62bcf199877d37056dc55ccc32b6decbd05abb46ce616ef4c38b16491e4d91d?s=96&#038;r=g 2x' class='avatar avatar-48 photo' height='48' width='48' \/><\/div><div class=\"wp-block-post-author__content\"><p class=\"wp-block-post-author__name\">Blogcafecommessias<\/p><\/div><\/div>","protected":false},"excerpt":{"rendered":"<p>Pr\u00e9-candidato a vice-governador, o presidente da Federa\u00e7\u00e3o dos Munic\u00edpios Rio Grande do Norte (Femurn), Anteomar Pereira da Silva, o \u201cBab\u00e1\u201d, antecipa em 30 dias sua desincompatibiliza\u00e7\u00e3o para disputar as elei\u00e7\u00f5es majorit\u00e1rias em outubro deste ano, transmitindo o cargo na quarta-feira (4) para o primeiro vice-presidente Jos\u00e9 Augusto de Freitas Rego, que \u00e9 prefeito pela legenda&#8230;<\/p>\n","protected":false},"author":1,"featured_media":9907,"comment_status":"open","ping_status":"open","sticky":false,"template":"","format":"standard","meta":{"footnotes":""},"categories":[4,6],"tags":[],"class_list":["post-9906","post","type-post","status-publish","format-standard","has-post-thumbnail","hentry","category-anuncie-aqui","category-politica"],"_links":{"self":[{"href":"https:\/\/cafecommessias.com.br\/index.php?rest_route=\/wp\/v2\/posts\/9906","targetHints":{"allow":["GET"]}}],"collection":[{"href":"https:\/\/cafecommessias.com.br\/index.php?rest_route=\/wp\/v2\/posts"}],"about":[{"href":"https:\/\/cafecommessias.com.br\/index.php?rest_route=\/wp\/v2\/types\/post"}],"author":[{"embeddable":true,"href":"https:\/\/cafecommessias.com.br\/index.php?rest_route=\/wp\/v2\/users\/1"}],"replies":[{"embeddable":true,"href":"https:\/\/cafecommessias.com.br\/index.php?rest_route=%2Fwp%2Fv2%2Fcomments&post=9906"}],"version-history":[{"count":2,"href":"https:\/\/cafecommessias.com.br\/index.php?rest_route=\/wp\/v2\/posts\/9906\/revisions"}],"predecessor-version":[{"id":9911,"href":"https:\/\/cafecommessias.com.br\/index.php?rest_route=\/wp\/v2\/posts\/9906\/revisions\/9911"}],"wp:featuredmedia":[{"embeddable":true,"href":"https:\/\/cafecommessias.com.br\/index.php?rest_route=\/wp\/v2\/media\/9907"}],"wp:attachment":[{"href":"https:\/\/cafecommessias.com.br\/index.php?rest_route=%2Fwp%2Fv2%2Fmedia&parent=9906"}],"wp:term":[{"taxonomy":"category","embeddable":true,"href":"https:\/\/cafecommessias.com.br\/index.php?rest_route=%2Fwp%2Fv2%2Fcategories&post=9906"},{"taxonomy":"post_tag","embeddable":true,"href":"https:\/\/cafecommessias.com.br\/index.php?rest_route=%2Fwp%2Fv2%2Ftags&post=9906"}],"curies":[{"name":"wp","href":"https:\/\/api.w.org\/{rel}","templated":true}]}}