{"id":9912,"date":"2026-03-02T19:01:00","date_gmt":"2026-03-02T22:01:00","guid":{"rendered":"https:\/\/cafecommessias.com.br\/?p=9912"},"modified":"2026-03-03T01:02:32","modified_gmt":"2026-03-03T04:02:32","slug":"aumenta-circulacao-de-virus-respiratorios-em-natal","status":"publish","type":"post","link":"https:\/\/cafecommessias.com.br\/?p=9912","title":{"rendered":"Aumenta circula\u00e7\u00e3o de v\u00edrus respirat\u00f3rios em Natal"},"content":{"rendered":"\n<p>Com o aumento de casos de sintomas gripais ap\u00f3s o Carnaval, Natal vive um per\u00edodo de maior circula\u00e7\u00e3o de v\u00edrus respirat\u00f3rios. O Boletim da Secretaria Municipal de Sa\u00fade de Natal, referente \u00e0 Semana Epidemiol\u00f3gica n\u00ba 7, aponta crescimento dos registros entre os dias 15 e 21 de fevereiro. Especialistas refor\u00e7am que evitar circular com sintomas \u00e9 essencial para reduzir a transmiss\u00e3o.<\/p>\n\n\n\n<p><br>De acordo com o documento, foram identificados os v\u00edrus Influenza A, Metapneumov\u00edrus e Rinov\u00edrus, conforme registros do Sistema Gerenciador de Ambiente Laboratorial (GAL). O monitoramento \u00e9 realizado semanalmente e permite acompanhar quais agentes est\u00e3o em circula\u00e7\u00e3o no munic\u00edpio.<\/p>\n\n\n\n<p><br>Em rela\u00e7\u00e3o \u00e0s S\u00edndromes Respirat\u00f3rias Agudas Graves (SRAG), at\u00e9 o dia 21 de fevereiro, foram registradas 44 notifica\u00e7\u00f5es em Natal, segundo dados do Sistema de Informa\u00e7\u00e3o da Vigil\u00e2ncia Epidemiol\u00f3gica da Gripe (SIVEP).<\/p>\n\n\n\n<p><br>De acordo com a secretaria, esse monitoramento \u00e9 fundamental porque diferentes v\u00edrus apresentam n\u00edveis distintos de risco. \u201cO rinov\u00edrus, que ele \u00e9 respons\u00e1vel mais por aquele resfriado comum, e a\u00ed a influenza, o VSR, que \u00e9 o v\u00edrus sincicial respirat\u00f3rio, o metapneumov\u00edrus, ele j\u00e1 tem um potencial um pouquinho maior de agravamento\u201d, informa Lorena Ara\u00fajo, chefe do Setor de Vigil\u00e2ncia Epidemiol\u00f3gica da SMS.<\/p>\n\n\n\n<p><br>H\u00e1, neste momento, uma maior circula\u00e7\u00e3o de v\u00edrus na capital potiguar, mas esse cen\u00e1rio tem se refletido principalmente em casos leves, conforme o documento. De acordo com a gestora, o aumento deve se intensificar nos pr\u00f3ximos meses, com previs\u00e3o de pico em abril, quando historicamente ocorre maior n\u00famero de casos graves de s\u00edndromes respirat\u00f3rias em Natal. A expectativa \u00e9 que, at\u00e9 l\u00e1, a demanda por atendimentos e interna\u00e7\u00f5es continue crescendo gradualmente.<\/p>\n\n\n\n<p><br>Al\u00e9m dos v\u00edrus respirat\u00f3rios, outros agentes tamb\u00e9m contribuem para o aumento da procura por atendimento m\u00e9dico e para a lota\u00e7\u00e3o dos corredores dos hospitais. \u201cNesse per\u00edodo existem mais v\u00edrus circulando, n\u00e3o somente os respirat\u00f3rios, como os das gastroenterites, os rotav\u00edrus e as arboviroses. Tem mais gente adoecendo\u201d, destacou a especialista.<\/p>\n\n\n\n<p><br>A infectologista Gisele Borba, do Hospital Universit\u00e1rio Onofre Lopes (HUOL), orienta que a preven\u00e7\u00e3o passa por cuidados simples no dia a dia. Segundo a m\u00e9dica, \u00e9 fundamental evitar aglomera\u00e7\u00f5es, higienizar as m\u00e3os com frequ\u00eancia e n\u00e3o compartilhar garrafinhas de \u00e1gua.<\/p>\n\n\n\n<p><br>Ela tamb\u00e9m ressalta a import\u00e2ncia de n\u00e3o enviar crian\u00e7as doentes para a escola, j\u00e1 que ambientes fechados facilitam a transmiss\u00e3o das viroses respirat\u00f3rias. \u201cAs crian\u00e7as menores, idosos, imunossuprimidos, portadores de doen\u00e7as card\u00edacas ou pulmonares cr\u00f4nicas e gestantes podem ter quadros mais severos, especialmente se forem infectados pelo v\u00edrus Influenza\u201d, disse Borba.<\/p>\n\n\n\n<p><br>A vacina\u00e7\u00e3o contra a gripe ainda n\u00e3o foi iniciada em Natal ap\u00f3s o vencimento dos lotes em todo o pa\u00eds. De acordo com a Secretaria Municipal de Sa\u00fade, o calend\u00e1rio oficial da nova campanha ainda n\u00e3o foi divulgado, pois o munic\u00edpio aguarda a defini\u00e7\u00e3o do Minist\u00e9rio da Sa\u00fade do Brasil.<\/p>\n\n\n\n<p><br>Segundo a pasta, a previs\u00e3o \u00e9 que a imuniza\u00e7\u00e3o tenha in\u00edcio ainda neste m\u00eas, ap\u00f3s a libera\u00e7\u00e3o das diretrizes e o envio das novas doses pelo governo federal.<\/p>\n\n\n<div class=\"wp-block-post-author\"><div class=\"wp-block-post-author__avatar\"><img alt='' src='https:\/\/secure.gravatar.com\/avatar\/a62bcf199877d37056dc55ccc32b6decbd05abb46ce616ef4c38b16491e4d91d?s=48&#038;r=g' srcset='https:\/\/secure.gravatar.com\/avatar\/a62bcf199877d37056dc55ccc32b6decbd05abb46ce616ef4c38b16491e4d91d?s=96&#038;r=g 2x' class='avatar avatar-48 photo' height='48' width='48' \/><\/div><div class=\"wp-block-post-author__content\"><p class=\"wp-block-post-author__name\">Blogcafecommessias<\/p><\/div><\/div>","protected":false},"excerpt":{"rendered":"<p>Com o aumento de casos de sintomas gripais ap\u00f3s o Carnaval, Natal vive um per\u00edodo de maior circula\u00e7\u00e3o de v\u00edrus respirat\u00f3rios. O Boletim da Secretaria Municipal de Sa\u00fade de Natal, referente \u00e0 Semana Epidemiol\u00f3gica n\u00ba 7, aponta crescimento dos registros entre os dias 15 e 21 de fevereiro. Especialistas refor\u00e7am que evitar circular com sintomas&#8230;<\/p>\n","protected":false},"author":1,"featured_media":9914,"comment_status":"open","ping_status":"open","sticky":false,"template":"","format":"standard","meta":{"footnotes":""},"categories":[4],"tags":[],"class_list":["post-9912","post","type-post","status-publish","format-standard","has-post-thumbnail","hentry","category-anuncie-aqui"],"_links":{"self":[{"href":"https:\/\/cafecommessias.com.br\/index.php?rest_route=\/wp\/v2\/posts\/9912","targetHints":{"allow":["GET"]}}],"collection":[{"href":"https:\/\/cafecommessias.com.br\/index.php?rest_route=\/wp\/v2\/posts"}],"about":[{"href":"https:\/\/cafecommessias.com.br\/index.php?rest_route=\/wp\/v2\/types\/post"}],"author":[{"embeddable":true,"href":"https:\/\/cafecommessias.com.br\/index.php?rest_route=\/wp\/v2\/users\/1"}],"replies":[{"embeddable":true,"href":"https:\/\/cafecommessias.com.br\/index.php?rest_route=%2Fwp%2Fv2%2Fcomments&post=9912"}],"version-history":[{"count":1,"href":"https:\/\/cafecommessias.com.br\/index.php?rest_route=\/wp\/v2\/posts\/9912\/revisions"}],"predecessor-version":[{"id":9913,"href":"https:\/\/cafecommessias.com.br\/index.php?rest_route=\/wp\/v2\/posts\/9912\/revisions\/9913"}],"wp:featuredmedia":[{"embeddable":true,"href":"https:\/\/cafecommessias.com.br\/index.php?rest_route=\/wp\/v2\/media\/9914"}],"wp:attachment":[{"href":"https:\/\/cafecommessias.com.br\/index.php?rest_route=%2Fwp%2Fv2%2Fmedia&parent=9912"}],"wp:term":[{"taxonomy":"category","embeddable":true,"href":"https:\/\/cafecommessias.com.br\/index.php?rest_route=%2Fwp%2Fv2%2Fcategories&post=9912"},{"taxonomy":"post_tag","embeddable":true,"href":"https:\/\/cafecommessias.com.br\/index.php?rest_route=%2Fwp%2Fv2%2Ftags&post=9912"}],"curies":[{"name":"wp","href":"https:\/\/api.w.org\/{rel}","templated":true}]}}