{"id":9918,"date":"2026-03-03T07:38:26","date_gmt":"2026-03-03T10:38:26","guid":{"rendered":"https:\/\/cafecommessias.com.br\/?p=9918"},"modified":"2026-03-03T07:38:43","modified_gmt":"2026-03-03T10:38:43","slug":"flamengo-demite-filipe-luis-horas-apos-goleada-de-8-a-0-e-classificacao-pra-final","status":"publish","type":"post","link":"https:\/\/cafecommessias.com.br\/?p=9918","title":{"rendered":"Flamengo demite Filipe Lu\u00eds horas ap\u00f3s goleada de 8 a 0 e classifica\u00e7\u00e3o pra final"},"content":{"rendered":"\n<p>O&nbsp;Clube de Regatas do Flamengo&nbsp;anunciou na madrugada desta ter\u00e7a-feira (3), \u00e0s 1h01, a demiss\u00e3o de&nbsp;Filipe Lu\u00eds&nbsp;do comando t\u00e9cnico da equipe profissional. A sa\u00edda ocorre poucas horas depois da goleada por 8 a 0 sobre o&nbsp;Madureira Esporte Clube, no Maracan\u00e3, resultado que garantiu vaga na final do Campeonato Carioca.<\/p>\n\n\n\n<p>Al\u00e9m do treinador, tamb\u00e9m deixam o clube o auxiliar Ivan Palanco e o preparador f\u00edsico Diogo Linhares. Em nota oficial, o Flamengo agradeceu a Filipe Lu\u00eds \u201cpor tudo o que foi conquistado e compartilhado nesta jornada\u201d e desejou sucesso na sequ\u00eancia da carreira, mas n\u00e3o detalhou os motivos da decis\u00e3o nem informou quem assumir\u00e1 o time.<\/p>\n\n\n\n<p>A demiss\u00e3o surpreende pelo contexto: o Rubro-Negro aplicou uma das maiores goleadas da temporada e assegurou classifica\u00e7\u00e3o para a decis\u00e3o estadual. Mesmo assim, a diretoria optou por promover a mudan\u00e7a na comiss\u00e3o t\u00e9cnica em meio \u00e0 reta final do Carioca. Campe\u00e3o do Campeonato Brasileiro e da Libertadores em 2025, Filipe deixou escapar dois t\u00edtulos importantes no in\u00edcio da atual temporada, perdendo a Supercopa do Brasil para o Corinthians e a Recopa para o Lan\u00fas, time argentino.<\/p>\n\n\n\n<p>Filipe Lu\u00eds encerra sua passagem pelo comando profissional acumulando participa\u00e7\u00f5es importantes na temporada. Agora, o Flamengo se prepara para a final do estadual sob nova dire\u00e7\u00e3o, enquanto a diretoria trabalha para anunciar o substituto nos pr\u00f3ximos dias.<\/p>\n","protected":false},"excerpt":{"rendered":"<p>O&nbsp;Clube de Regatas do Flamengo&nbsp;anunciou na madrugada desta ter\u00e7a-feira (3), \u00e0s 1h01, a demiss\u00e3o de&nbsp;Filipe Lu\u00eds&nbsp;do comando t\u00e9cnico da equipe profissional. A sa\u00edda ocorre poucas horas depois da goleada por 8 a 0 sobre o&nbsp;Madureira Esporte Clube, no Maracan\u00e3, resultado que garantiu vaga na final do Campeonato Carioca. Al\u00e9m do treinador, tamb\u00e9m deixam o clube&#8230;<\/p>\n","protected":false},"author":1,"featured_media":9919,"comment_status":"open","ping_status":"closed","sticky":false,"template":"","format":"standard","meta":{"footnotes":""},"categories":[20],"tags":[],"class_list":["post-9918","post","type-post","status-publish","format-standard","has-post-thumbnail","hentry","category-esporte"],"_links":{"self":[{"href":"https:\/\/cafecommessias.com.br\/index.php?rest_route=\/wp\/v2\/posts\/9918","targetHints":{"allow":["GET"]}}],"collection":[{"href":"https:\/\/cafecommessias.com.br\/index.php?rest_route=\/wp\/v2\/posts"}],"about":[{"href":"https:\/\/cafecommessias.com.br\/index.php?rest_route=\/wp\/v2\/types\/post"}],"author":[{"embeddable":true,"href":"https:\/\/cafecommessias.com.br\/index.php?rest_route=\/wp\/v2\/users\/1"}],"replies":[{"embeddable":true,"href":"https:\/\/cafecommessias.com.br\/index.php?rest_route=%2Fwp%2Fv2%2Fcomments&post=9918"}],"version-history":[{"count":1,"href":"https:\/\/cafecommessias.com.br\/index.php?rest_route=\/wp\/v2\/posts\/9918\/revisions"}],"predecessor-version":[{"id":9920,"href":"https:\/\/cafecommessias.com.br\/index.php?rest_route=\/wp\/v2\/posts\/9918\/revisions\/9920"}],"wp:featuredmedia":[{"embeddable":true,"href":"https:\/\/cafecommessias.com.br\/index.php?rest_route=\/wp\/v2\/media\/9919"}],"wp:attachment":[{"href":"https:\/\/cafecommessias.com.br\/index.php?rest_route=%2Fwp%2Fv2%2Fmedia&parent=9918"}],"wp:term":[{"taxonomy":"category","embeddable":true,"href":"https:\/\/cafecommessias.com.br\/index.php?rest_route=%2Fwp%2Fv2%2Fcategories&post=9918"},{"taxonomy":"post_tag","embeddable":true,"href":"https:\/\/cafecommessias.com.br\/index.php?rest_route=%2Fwp%2Fv2%2Ftags&post=9918"}],"curies":[{"name":"wp","href":"https:\/\/api.w.org\/{rel}","templated":true}]}}