{"id":9931,"date":"2026-03-03T07:48:41","date_gmt":"2026-03-03T10:48:41","guid":{"rendered":"https:\/\/cafecommessias.com.br\/?p=9931"},"modified":"2026-03-03T07:49:05","modified_gmt":"2026-03-03T10:49:05","slug":"mdb-confirma-mais-tres-grandes-liderancas-na-disputa-por-vagas-na-assembleia","status":"publish","type":"post","link":"https:\/\/cafecommessias.com.br\/?p=9931","title":{"rendered":"MDB confirma mais tr\u00eas grandes lideran\u00e7as na disputa por vagas na Assembleia"},"content":{"rendered":"\n<p>O Movimento Democr\u00e1tico Brasileiro no Rio Grande do Norte (MDB-RN) segue consolidando uma nominata competitiva para as Elei\u00e7\u00f5es 2026 e confirmou a chegada de tr\u00eas importantes lideran\u00e7as para compor a chapa de pr\u00e9-candidatos a deputado estadual: Ant\u00f4nio J\u00e1come, Josivan Bibiano e Ivan J\u00fanior.<\/p>\n\n\n\n<p>Ant\u00f4nio J\u00e1come traz ao partido a experi\u00eancia de quem j\u00e1 exerceu mandatos como deputado estadual, deputado federal e ocupou o cargo de vice-governador do Rio Grande do Norte.<\/p>\n\n\n\n<p>Josivan Bibiano construiu sua hist\u00f3ria como prefeito de Serra do Mel por quatro mandatos, consolidando lideran\u00e7a na regi\u00e3o Oeste e ampliando a presen\u00e7a do partido no interior do estado.<\/p>\n\n\n\n<p>J\u00e1 Ivan J\u00fanior foi prefeito de Assu por dois mandatos e presidiu a Federa\u00e7\u00e3o dos Munic\u00edpios do Rio Grande do Norte (Femurn), per\u00edodo em que se destacou pela defesa dos munic\u00edpios e pelo di\u00e1logo institucional com diversas regi\u00f5es do RN.<\/p>\n\n\n\n<p>Com as novas confirma\u00e7\u00f5es, o MDB se aproxima de fechar os 25 nomes que ir\u00e3o compor a nominata para deputado estadual, refor\u00e7ando a estrat\u00e9gia de montar um time forte, representativo e competitivo em todas as regi\u00f5es do estado.<\/p>\n\n\n\n<p>A expectativa do partido \u00e9 que, com um time forte, competitivo e distribu\u00eddo em todas as regi\u00f5es, consiga eleger pelo menos tr\u00eas a quatro deputados estaduais em 2026.<\/p>\n\n\n\n<p>O presidente estadual do MDB, Walter Alves, destacou a import\u00e2ncia das novas filia\u00e7\u00f5es e o momento vivido pelo partido. \u201cRecebemos Ant\u00f4nio J\u00e1come, Bibiano e Ivan J\u00fanior com muita alegria e senso de responsabilidade. S\u00e3o lideran\u00e7as com servi\u00e7os prestados e reconhecimento popular. A chegada desses nomes mostra a for\u00e7a do MDB, a confian\u00e7a no nosso projeto e a constru\u00e7\u00e3o de uma nominata s\u00f3lida, preparada para representar bem o Rio Grande do Norte\u201d, afirmou.<\/p>\n","protected":false},"excerpt":{"rendered":"<p>O Movimento Democr\u00e1tico Brasileiro no Rio Grande do Norte (MDB-RN) segue consolidando uma nominata competitiva para as Elei\u00e7\u00f5es 2026 e confirmou a chegada de tr\u00eas importantes lideran\u00e7as para compor a chapa de pr\u00e9-candidatos a deputado estadual: Ant\u00f4nio J\u00e1come, Josivan Bibiano e Ivan J\u00fanior. Ant\u00f4nio J\u00e1come traz ao partido a experi\u00eancia de quem j\u00e1 exerceu mandatos&#8230;<\/p>\n","protected":false},"author":1,"featured_media":9932,"comment_status":"open","ping_status":"closed","sticky":false,"template":"","format":"standard","meta":{"footnotes":""},"categories":[6],"tags":[],"class_list":["post-9931","post","type-post","status-publish","format-standard","has-post-thumbnail","hentry","category-politica"],"_links":{"self":[{"href":"https:\/\/cafecommessias.com.br\/index.php?rest_route=\/wp\/v2\/posts\/9931","targetHints":{"allow":["GET"]}}],"collection":[{"href":"https:\/\/cafecommessias.com.br\/index.php?rest_route=\/wp\/v2\/posts"}],"about":[{"href":"https:\/\/cafecommessias.com.br\/index.php?rest_route=\/wp\/v2\/types\/post"}],"author":[{"embeddable":true,"href":"https:\/\/cafecommessias.com.br\/index.php?rest_route=\/wp\/v2\/users\/1"}],"replies":[{"embeddable":true,"href":"https:\/\/cafecommessias.com.br\/index.php?rest_route=%2Fwp%2Fv2%2Fcomments&post=9931"}],"version-history":[{"count":1,"href":"https:\/\/cafecommessias.com.br\/index.php?rest_route=\/wp\/v2\/posts\/9931\/revisions"}],"predecessor-version":[{"id":9933,"href":"https:\/\/cafecommessias.com.br\/index.php?rest_route=\/wp\/v2\/posts\/9931\/revisions\/9933"}],"wp:featuredmedia":[{"embeddable":true,"href":"https:\/\/cafecommessias.com.br\/index.php?rest_route=\/wp\/v2\/media\/9932"}],"wp:attachment":[{"href":"https:\/\/cafecommessias.com.br\/index.php?rest_route=%2Fwp%2Fv2%2Fmedia&parent=9931"}],"wp:term":[{"taxonomy":"category","embeddable":true,"href":"https:\/\/cafecommessias.com.br\/index.php?rest_route=%2Fwp%2Fv2%2Fcategories&post=9931"},{"taxonomy":"post_tag","embeddable":true,"href":"https:\/\/cafecommessias.com.br\/index.php?rest_route=%2Fwp%2Fv2%2Ftags&post=9931"}],"curies":[{"name":"wp","href":"https:\/\/api.w.org\/{rel}","templated":true}]}}