{"id":9940,"date":"2026-03-03T07:58:41","date_gmt":"2026-03-03T10:58:41","guid":{"rendered":"https:\/\/cafecommessias.com.br\/?p=9940"},"modified":"2026-03-03T07:58:58","modified_gmt":"2026-03-03T10:58:58","slug":"nos-agora-ate-vamos-nos-beneficiar-dessa-situacao-de-calamidade-diz-prefeita-de-juiz-de-fora-sobre-a-tragedia-das-enchentes","status":"publish","type":"post","link":"https:\/\/cafecommessias.com.br\/?p=9940","title":{"rendered":"\u2018N\u00f3s agora at\u00e9 vamos nos beneficiar dessa situa\u00e7\u00e3o de calamidade\u2019, diz prefeita de Ju\u00edz de Fora sobre a trag\u00e9dia das enchentes"},"content":{"rendered":"\n<p>A trag\u00e9dia provocada pelas fortes chuvas em Juiz de Fora, na Zona da Mata mineira, trouxe \u00e0 tona um problema que j\u00e1 se arrastava h\u00e1 meses: recursos do PAC (Programa de Acelera\u00e7\u00e3o do Crescimento) seguem sem chegar, mesmo ap\u00f3s quase um ano de espera.<\/p>\n\n\n\n<p>De acordo com a prefeita Margarida Salom\u00e3o, em entrevista ao UOL, o munic\u00edpio agora dever\u00e1 ser beneficiado com a libera\u00e7\u00e3o de verbas federais que j\u00e1 eram aguardadas h\u00e1 cerca de um ano, destinadas principalmente a obras de conten\u00e7\u00e3o de encostas e preven\u00e7\u00e3o de desastres.<\/p>\n\n\n\n<p>Os recursos s\u00e3o considerados essenciais para reduzir riscos em \u00e1reas vulner\u00e1veis da cidade. No entanto, a demora na libera\u00e7\u00e3o impediu que essas obras fossem realizadas antes das chuvas, que resultaram em uma das piores trag\u00e9dias recentes do munic\u00edpio.<\/p>\n\n\n\n<p>O temporal causou destrui\u00e7\u00e3o em diversos bairros, deixando mortos, desaparecidos e milhares de desabrigados, al\u00e9m de expor a fragilidade da infraestrutura urbana diante de eventos clim\u00e1ticos extremos.<\/p>\n\n\n\n<p>Ainda segundo a prefeita, o processo para libera\u00e7\u00e3o dos recursos envolve etapas t\u00e9cnicas e burocr\u00e1ticas, o que acabou atrasando a chegada efetiva do investimento. Agora, com o cen\u00e1rio de calamidade, a expectativa \u00e9 de que os valores finalmente sejam autorizados.<\/p>\n\n\n<div class=\"wp-block-post-author\"><div class=\"wp-block-post-author__avatar\"><img alt='' src='https:\/\/secure.gravatar.com\/avatar\/a62bcf199877d37056dc55ccc32b6decbd05abb46ce616ef4c38b16491e4d91d?s=48&#038;r=g' srcset='https:\/\/secure.gravatar.com\/avatar\/a62bcf199877d37056dc55ccc32b6decbd05abb46ce616ef4c38b16491e4d91d?s=96&#038;r=g 2x' class='avatar avatar-48 photo' height='48' width='48' \/><\/div><div class=\"wp-block-post-author__content\"><p class=\"wp-block-post-author__name\">Blogcafecommessias<\/p><\/div><\/div>","protected":false},"excerpt":{"rendered":"<p>A trag\u00e9dia provocada pelas fortes chuvas em Juiz de Fora, na Zona da Mata mineira, trouxe \u00e0 tona um problema que j\u00e1 se arrastava h\u00e1 meses: recursos do PAC (Programa de Acelera\u00e7\u00e3o do Crescimento) seguem sem chegar, mesmo ap\u00f3s quase um ano de espera. De acordo com a prefeita Margarida Salom\u00e3o, em entrevista ao UOL,&#8230;<\/p>\n","protected":false},"author":1,"featured_media":9941,"comment_status":"open","ping_status":"closed","sticky":false,"template":"","format":"standard","meta":{"footnotes":""},"categories":[26],"tags":[],"class_list":["post-9940","post","type-post","status-publish","format-standard","has-post-thumbnail","hentry","category-tragedia"],"_links":{"self":[{"href":"https:\/\/cafecommessias.com.br\/index.php?rest_route=\/wp\/v2\/posts\/9940","targetHints":{"allow":["GET"]}}],"collection":[{"href":"https:\/\/cafecommessias.com.br\/index.php?rest_route=\/wp\/v2\/posts"}],"about":[{"href":"https:\/\/cafecommessias.com.br\/index.php?rest_route=\/wp\/v2\/types\/post"}],"author":[{"embeddable":true,"href":"https:\/\/cafecommessias.com.br\/index.php?rest_route=\/wp\/v2\/users\/1"}],"replies":[{"embeddable":true,"href":"https:\/\/cafecommessias.com.br\/index.php?rest_route=%2Fwp%2Fv2%2Fcomments&post=9940"}],"version-history":[{"count":1,"href":"https:\/\/cafecommessias.com.br\/index.php?rest_route=\/wp\/v2\/posts\/9940\/revisions"}],"predecessor-version":[{"id":9942,"href":"https:\/\/cafecommessias.com.br\/index.php?rest_route=\/wp\/v2\/posts\/9940\/revisions\/9942"}],"wp:featuredmedia":[{"embeddable":true,"href":"https:\/\/cafecommessias.com.br\/index.php?rest_route=\/wp\/v2\/media\/9941"}],"wp:attachment":[{"href":"https:\/\/cafecommessias.com.br\/index.php?rest_route=%2Fwp%2Fv2%2Fmedia&parent=9940"}],"wp:term":[{"taxonomy":"category","embeddable":true,"href":"https:\/\/cafecommessias.com.br\/index.php?rest_route=%2Fwp%2Fv2%2Fcategories&post=9940"},{"taxonomy":"post_tag","embeddable":true,"href":"https:\/\/cafecommessias.com.br\/index.php?rest_route=%2Fwp%2Fv2%2Ftags&post=9940"}],"curies":[{"name":"wp","href":"https:\/\/api.w.org\/{rel}","templated":true}]}}