{"id":9977,"date":"2026-03-04T12:25:43","date_gmt":"2026-03-04T15:25:43","guid":{"rendered":"https:\/\/cafecommessias.com.br\/?p=9977"},"modified":"2026-03-04T12:25:55","modified_gmt":"2026-03-04T15:25:55","slug":"governadora-fatima-reforca-candidatura-do-rn-para-receber-supercomputador-de-ia","status":"publish","type":"post","link":"https:\/\/cafecommessias.com.br\/?p=9977","title":{"rendered":"Governadora F\u00e1tima refor\u00e7a candidatura do RN para receber supercomputador de IA"},"content":{"rendered":"\n<p>A governadora F\u00e1tima Bezerra refor\u00e7ou nesta ter\u00e7a-feira (3), em Bras\u00edlia, a candidatura do Rio Grande do Norte para sediar o supercomputador do Plano Brasileiro de Intelig\u00eancia Artificial (PBIA).<\/p>\n\n\n\n<p>Durante audi\u00eancia no Minist\u00e9rio da Ci\u00eancia, Tecnologia e Inova\u00e7\u00e3o (MCTI), o governo estadual entregou documenta\u00e7\u00e3o t\u00e9cnica e carta de endosso assinada por institui\u00e7\u00f5es cient\u00edficas e entidades produtivas.<\/p>\n\n\n\n<p>Segundo a governadora, a documenta\u00e7\u00e3o comprova que o Rio Grande do Norte tem a melhor proposta at\u00e9 o momento, com destaque para o menor custo de opera\u00e7\u00e3o do supercomputador, que ser\u00e1 voltado ao processamento de alto desempenho e execu\u00e7\u00e3o de pesquisas voltadas para a \u00e1rea de intelig\u00eancia artificial.<\/p>\n\n\n\n<p>O local escolhido para a instala\u00e7\u00e3o \u00e9 o Parque Cient\u00edfico e Tecnol\u00f3gico Augusto Severo (PAX), em Maca\u00edba. O espa\u00e7o re\u00fane condi\u00e7\u00f5es de infraestrutura, log\u00edstica, conectividade e possibilidade de expans\u00e3o alinhadas \u00e0s necessidades do projeto.<\/p>\n\n\n\n<p>F\u00e1tima Bezerra destacou ainda que o Rio Grande do Norte \u00e9 l\u00edder absoluto em energia renov\u00e1vel no Brasil, com 98% a 99% de sua matriz el\u00e9trica proveniente de fontes limpas, principalmente e\u00f3lica e solar. \u201cEssa caracter\u00edstica reduz custos operacionais e refor\u00e7a o compromisso com a transi\u00e7\u00e3o energ\u00e9tica e a sustentabilidade ambiental \u2014 elementos centrais para consolidar um ecossistema nacional de intelig\u00eancia artificial robusto e alinhado \u00e0s melhores pr\u00e1ticas internacionais\u201d, afirmou.<\/p>\n\n\n\n<p>O secret\u00e1rio interino de Desenvolvimento Econ\u00f4mico, Hugo Fonseca, apontou outro diferencial da candidatura potiguar: o apoio de institui\u00e7\u00f5es com atua\u00e7\u00e3o consolidada em ci\u00eancia e tecnologia e das entidades representativas do setor produtivo. \u201cA carta de endosso re\u00fane apoio da UFRN, Uern, Ufersa, IFRN, Instituto Santos Dumont, PAX, Fiern, Fecom\u00e9rcio e Sebrae\u201d, listou.<\/p>\n\n\n\n<p>Segundo Fonseca, a instala\u00e7\u00e3o do supercomputador no estado potencializar\u00e1 a competitividade das empresas locais e ampliar\u00e1 a inser\u00e7\u00e3o do Nordeste nas cadeias nacionais e globais de tecnologia. \u201cA escolha do Rio Grande do Norte representa n\u00e3o apenas uma decis\u00e3o t\u00e9cnica adequada, mas tamb\u00e9m uma estrat\u00e9gia de desenvolvimento regional alinhada ao fortalecimento do Sistema Nacional de Ci\u00eancia, Tecnologia e Inova\u00e7\u00e3o, promovendo equil\u00edbrio territorial e expans\u00e3o das capacidades tecnol\u00f3gicas brasileiras\u201d, concluiu.<\/p>\n\n\n\n<p><\/p>\n","protected":false},"excerpt":{"rendered":"<p>A governadora F\u00e1tima Bezerra refor\u00e7ou nesta ter\u00e7a-feira (3), em Bras\u00edlia, a candidatura do Rio Grande do Norte para sediar o supercomputador do Plano Brasileiro de Intelig\u00eancia Artificial (PBIA). Durante audi\u00eancia no Minist\u00e9rio da Ci\u00eancia, Tecnologia e Inova\u00e7\u00e3o (MCTI), o governo estadual entregou documenta\u00e7\u00e3o t\u00e9cnica e carta de endosso assinada por institui\u00e7\u00f5es cient\u00edficas e entidades produtivas&#8230;.<\/p>\n","protected":false},"author":1,"featured_media":9978,"comment_status":"open","ping_status":"closed","sticky":false,"template":"","format":"standard","meta":{"footnotes":""},"categories":[3],"tags":[],"class_list":["post-9977","post","type-post","status-publish","format-standard","has-post-thumbnail","hentry","category-geral"],"_links":{"self":[{"href":"https:\/\/cafecommessias.com.br\/index.php?rest_route=\/wp\/v2\/posts\/9977","targetHints":{"allow":["GET"]}}],"collection":[{"href":"https:\/\/cafecommessias.com.br\/index.php?rest_route=\/wp\/v2\/posts"}],"about":[{"href":"https:\/\/cafecommessias.com.br\/index.php?rest_route=\/wp\/v2\/types\/post"}],"author":[{"embeddable":true,"href":"https:\/\/cafecommessias.com.br\/index.php?rest_route=\/wp\/v2\/users\/1"}],"replies":[{"embeddable":true,"href":"https:\/\/cafecommessias.com.br\/index.php?rest_route=%2Fwp%2Fv2%2Fcomments&post=9977"}],"version-history":[{"count":1,"href":"https:\/\/cafecommessias.com.br\/index.php?rest_route=\/wp\/v2\/posts\/9977\/revisions"}],"predecessor-version":[{"id":9979,"href":"https:\/\/cafecommessias.com.br\/index.php?rest_route=\/wp\/v2\/posts\/9977\/revisions\/9979"}],"wp:featuredmedia":[{"embeddable":true,"href":"https:\/\/cafecommessias.com.br\/index.php?rest_route=\/wp\/v2\/media\/9978"}],"wp:attachment":[{"href":"https:\/\/cafecommessias.com.br\/index.php?rest_route=%2Fwp%2Fv2%2Fmedia&parent=9977"}],"wp:term":[{"taxonomy":"category","embeddable":true,"href":"https:\/\/cafecommessias.com.br\/index.php?rest_route=%2Fwp%2Fv2%2Fcategories&post=9977"},{"taxonomy":"post_tag","embeddable":true,"href":"https:\/\/cafecommessias.com.br\/index.php?rest_route=%2Fwp%2Fv2%2Ftags&post=9977"}],"curies":[{"name":"wp","href":"https:\/\/api.w.org\/{rel}","templated":true}]}}