{"id":9994,"date":"2026-03-04T12:50:23","date_gmt":"2026-03-04T15:50:23","guid":{"rendered":"https:\/\/cafecommessias.com.br\/?p=9994"},"modified":"2026-03-04T12:50:35","modified_gmt":"2026-03-04T15:50:35","slug":"deputado-francisco-recebe-confirmacao-do-dnit-sobre-projeto-de-terceira-faixa-na-br-226-na-serra-do-doutor","status":"publish","type":"post","link":"https:\/\/cafecommessias.com.br\/?p=9994","title":{"rendered":"Deputado Francisco recebe confirma\u00e7\u00e3o do DNIT sobre projeto de terceira faixa na BR-226, na Serra do Doutor"},"content":{"rendered":"\n<p>O deputado estadual Francisco do PT recebeu do diretor-geral do Departamento Nacional de Infraestrutura de Transportes (DNIT), Fabr\u00edcio Galv\u00e3o, a confirma\u00e7\u00e3o de que ser\u00e1 realizado o projeto de cria\u00e7\u00e3o da terceira faixa para alargamento da BR-226, no trecho da Serra do Doutor, no munic\u00edpio de Campo Redondo.<\/p>\n\n\n\n<p>A confirma\u00e7\u00e3o aconteceu em reuni\u00e3o em Bras\u00edlia com o diretor do \u00f3rg\u00e3o.<\/p>\n\n\n\n<p>A obra \u00e9 considerada estrat\u00e9gica para garantir mais seguran\u00e7a e fluidez ao tr\u00e1fego em um dos trechos mais cr\u00edticos da rodovia, especialmente no que diz respeito ao transporte de cargas e ao deslocamento da popula\u00e7\u00e3o da regi\u00e3o.<\/p>\n\n\n\n<p>Desde que apresentou requerimento sobre o tema, em 2024, Francisco do PT vem mantendo di\u00e1logo direto com representantes do Departamento Nacional de Infraestrutura de Transportes, refor\u00e7ando a import\u00e2ncia da interven\u00e7\u00e3o para reduzir riscos de acidentes e melhorar as condi\u00e7\u00f5es de mobilidade na Serra do Doutor.<\/p>\n\n\n\n<p>\u201cEssa \u00e9 uma luta importante para todos que utilizam a BR-226. Seguimos acompanhando de perto cada etapa para que o projeto avance e se torne realidade\u201d, destacou o parlamentar.<\/p>\n\n\n\n<p>Al\u00e9m da pauta relacionada \u00e0 infraestrutura vi\u00e1ria, o deputado tamb\u00e9m participou de outras reuni\u00f5es institucionais ao lado da governadora F\u00e1tima Bezerra e do secret\u00e1rio estadual da Fazenda, Cadu Xavier. Na ocasi\u00e3o, foram discutidos temas estrat\u00e9gicos para o desenvolvimento regional, como o Hospital Universit\u00e1rio do Serid\u00f3 e o projeto das adutoras do Serid\u00f3, iniciativas fundamentais para fortalecer a sa\u00fade p\u00fablica e a seguran\u00e7a h\u00eddrica da regi\u00e3o.<\/p>\n\n\n\n<p>Francisco reafirmou seu compromisso de seguir articulando junto aos \u00f3rg\u00e3os federais e estaduais a\u00e7\u00f5es estruturantes que promovam desenvolvimento, seguran\u00e7a e qualidade de vida para o povo da regi\u00e3o e de todo o Rio Grande do Norte.<\/p>\n","protected":false},"excerpt":{"rendered":"<p>O deputado estadual Francisco do PT recebeu do diretor-geral do Departamento Nacional de Infraestrutura de Transportes (DNIT), Fabr\u00edcio Galv\u00e3o, a confirma\u00e7\u00e3o de que ser\u00e1 realizado o projeto de cria\u00e7\u00e3o da terceira faixa para alargamento da BR-226, no trecho da Serra do Doutor, no munic\u00edpio de Campo Redondo. A confirma\u00e7\u00e3o aconteceu em reuni\u00e3o em Bras\u00edlia com&#8230;<\/p>\n","protected":false},"author":1,"featured_media":9995,"comment_status":"open","ping_status":"closed","sticky":false,"template":"","format":"standard","meta":{"footnotes":""},"categories":[3],"tags":[],"class_list":["post-9994","post","type-post","status-publish","format-standard","has-post-thumbnail","hentry","category-geral"],"_links":{"self":[{"href":"https:\/\/cafecommessias.com.br\/index.php?rest_route=\/wp\/v2\/posts\/9994","targetHints":{"allow":["GET"]}}],"collection":[{"href":"https:\/\/cafecommessias.com.br\/index.php?rest_route=\/wp\/v2\/posts"}],"about":[{"href":"https:\/\/cafecommessias.com.br\/index.php?rest_route=\/wp\/v2\/types\/post"}],"author":[{"embeddable":true,"href":"https:\/\/cafecommessias.com.br\/index.php?rest_route=\/wp\/v2\/users\/1"}],"replies":[{"embeddable":true,"href":"https:\/\/cafecommessias.com.br\/index.php?rest_route=%2Fwp%2Fv2%2Fcomments&post=9994"}],"version-history":[{"count":1,"href":"https:\/\/cafecommessias.com.br\/index.php?rest_route=\/wp\/v2\/posts\/9994\/revisions"}],"predecessor-version":[{"id":9996,"href":"https:\/\/cafecommessias.com.br\/index.php?rest_route=\/wp\/v2\/posts\/9994\/revisions\/9996"}],"wp:featuredmedia":[{"embeddable":true,"href":"https:\/\/cafecommessias.com.br\/index.php?rest_route=\/wp\/v2\/media\/9995"}],"wp:attachment":[{"href":"https:\/\/cafecommessias.com.br\/index.php?rest_route=%2Fwp%2Fv2%2Fmedia&parent=9994"}],"wp:term":[{"taxonomy":"category","embeddable":true,"href":"https:\/\/cafecommessias.com.br\/index.php?rest_route=%2Fwp%2Fv2%2Fcategories&post=9994"},{"taxonomy":"post_tag","embeddable":true,"href":"https:\/\/cafecommessias.com.br\/index.php?rest_route=%2Fwp%2Fv2%2Ftags&post=9994"}],"curies":[{"name":"wp","href":"https:\/\/api.w.org\/{rel}","templated":true}]}}